{"id":1210,"date":"2024-07-07T15:40:10","date_gmt":"2024-07-07T15:40:10","guid":{"rendered":"https:\/\/adriatictimes.com\/i-quartieri-migliori-per-gli-hotel-siviaggia\/"},"modified":"2024-07-07T15:40:10","modified_gmt":"2024-07-07T15:40:10","slug":"i-quartieri-migliori-per-gli-hotel-siviaggia","status":"publish","type":"post","link":"https:\/\/adriatictimes.com\/it\/i-quartieri-migliori-per-gli-hotel-siviaggia\/","title":{"rendered":"i quartieri migliori per gli hotel \u2013 SiViaggia"},"content":{"rendered":"<p> <br \/>\n<\/p>\n<div>\n<p><strong>Tirana<\/strong>, la vivace capitale dell\u2019Albania, \u00e8 una citt\u00e0 in rapida crescita che combina <strong>una ricca storia con una moderna vivacit\u00e0<\/strong> culturale. Sono sempre di pi\u00f9 i viaggiatori che scelgono l\u2019Albania come meta per un week-end lungo oppure per una vacanza di qualche settimana. Scegliere <strong>il quartiere giusto dove dormire a Tirana<\/strong> pu\u00f2 migliorare notevolmente la tua esperienza di viaggio, offrendoti comodit\u00e0, sicurezza e accesso alle principali attrazioni, nonch\u00e9 comodit\u00e0 che questa citt\u00e0 ancora cos\u00ec tutta da scoprire offre. Per scegliere il posto giusto dove dormire a Tirana,&#8230;<\/p>\n<\/div>\n<p><br \/>\n<br \/><a href=\"https:\/\/siviaggia.it\/idee-di-viaggio\/tirana-dove-dormire\/449564\/amp\/\">Fonte<\/a><\/p>\n","protected":false},"excerpt":{"rendered":"<p>Tirana, la vivace capitale dell\u2019Albania, \u00e8 una citt\u00e0 in rapida crescita che combina una ricca storia con una moderna vivacit\u00e0 culturale. Sono sempre di pi\u00f9 i viaggiatori che scelgono l\u2019Albania come meta per un week-end lungo oppure per una vacanza di qualche settimana. Scegliere il quartiere giusto dove dormire a Tirana pu\u00f2 migliorare notevolmente la [&hellip;]<\/p>\n","protected":false},"author":1,"featured_media":0,"comment_status":"open","ping_status":"open","sticky":false,"template":"","format":"standard","meta":{"footnotes":""},"categories":[86,95],"tags":[],"class_list":{"0":"post-1210","1":"post","2":"type-post","3":"status-publish","4":"format-standard","6":"category-albania-it","7":"category-travel-it"},"_links":{"self":[{"href":"https:\/\/adriatictimes.com\/it\/wp-json\/wp\/v2\/posts\/1210","targetHints":{"allow":["GET"]}}],"collection":[{"href":"https:\/\/adriatictimes.com\/it\/wp-json\/wp\/v2\/posts"}],"about":[{"href":"https:\/\/adriatictimes.com\/it\/wp-json\/wp\/v2\/types\/post"}],"author":[{"embeddable":true,"href":"https:\/\/adriatictimes.com\/it\/wp-json\/wp\/v2\/users\/1"}],"replies":[{"embeddable":true,"href":"https:\/\/adriatictimes.com\/it\/wp-json\/wp\/v2\/comments?post=1210"}],"version-history":[{"count":0,"href":"https:\/\/adriatictimes.com\/it\/wp-json\/wp\/v2\/posts\/1210\/revisions"}],"wp:attachment":[{"href":"https:\/\/adriatictimes.com\/it\/wp-json\/wp\/v2\/media?parent=1210"}],"wp:term":[{"taxonomy":"category","embeddable":true,"href":"https:\/\/adriatictimes.com\/it\/wp-json\/wp\/v2\/categories?post=1210"},{"taxonomy":"post_tag","embeddable":true,"href":"https:\/\/adriatictimes.com\/it\/wp-json\/wp\/v2\/tags?post=1210"}],"curies":[{"name":"wp","href":"https:\/\/api.w.org\/{rel}","templated":true}]}}