{"id":1225,"date":"2024-07-07T15:47:42","date_gmt":"2024-07-07T15:47:42","guid":{"rendered":"https:\/\/adriatictimes.com\/gervalla-si-reca-in-croazia-partecipa-al-forum-di-dubrovnik-kosovapress\/"},"modified":"2024-07-07T15:47:42","modified_gmt":"2024-07-07T15:47:42","slug":"gervalla-si-reca-in-croazia-partecipa-al-forum-di-dubrovnik-kosovapress","status":"publish","type":"post","link":"https:\/\/adriatictimes.com\/it\/gervalla-si-reca-in-croazia-partecipa-al-forum-di-dubrovnik-kosovapress\/","title":{"rendered":"G\u00ebrvalla si reca in Croazia, partecipa al Forum di Dubrovnik \u2022 KosovaPress"},"content":{"rendered":" \r\n<br><div>\n\n\t\t<div class=\"mainNewsCenterCntH\">\n\t\t\t<p>G\u00ebrvalla si reca in Croazia, partecipa al Forum di Dubrovnik<\/p>\n\t\t\t\n\t\t<\/div>\n\t\t\n \t\t<div class=\"mainNewsCenterSubCnt\">\n\t\t\t<p>notizie<\/p>\n\t\t\t<p>Leggi di pi\u00f9: <span>2 min.<\/span><\/p>\n\t\t<\/div>\n\t\t\n\t\t<div class=\"mainNewsCenterSubCntI\">\n\t\t\t<img decoding=\"async\" src=\"https:\/\/kosovapress.com\/admin\/wp-content\/uploads\/2024\/05\/0-Donika-Gervalla-Konferenc-2022-1.jpg\" alt=\"\" class=\"coverInArticle\"\/>\n\t\t\t\t\t<\/div>\n\t\t\n\t\t\t\t\n\t\t\n\t\t<div class=\"mainNewsCenterSubCnt mainNewsCenterSubCntDate\">\n\t\t<p>1 settimana fa<\/p>\n\t\t\n<div class=\"socialBtns\">\n \t\t\n\t\t\n\t\t\n\t\t\n  \t\t<a href=\"https:\/\/kosovapress.com\/it\/fb-messenger:\/\/share\/?link=https%3A%2F%2Fkosovapress.com%2Fgervalla-udheton-per-kroaci-merr-pjese-ne-forumin-e-dubrovnikut&amp;app_id=458628191655845\"\/>\n\t\t<a href=\"http:\/\/kosovapress.com\/cdn-cgi\/l\/email-protection#caf5b9bfa8a0afa9bef78d0961b8bcaba6a6abeabfaea20961bea5a4eaba0961b8ea81b8a5aba9a3e6eaa7afb8b8eabaa0afb90961eaa40961ea8ca5b8bfa7a3a4eaafea8ebfa8b8a5bca4a3a1bfbeeae7ea86a3a4a1bff0eaa2bebebab9f0e5e5a1a5b9a5bcabbab8afb9b9e4a9a5a7e5a3bee5adafb8bcaba6a6abe7bfaea2afbea5a4e7baafb8e7a1b8a5aba9a3e7a7afb8b8e7baa0afb9afe7a4afe7aca5b8bfa7a3a4e7afe7aebfa8b8a5bca4a3a1bfbe\"\/>\n\t\t\n\t\t<p>Il collegamento \u00e8 stato copiato<\/p>\n <\/div>\n \n\t\t<\/div>\n\t\t\n\t\t\n\t\t<div class=\"descDivView\" id=\"editor\">\n<p>Su invito del ministro degli Affari esteri croato, Gordan Grlic-Radman, il vice primo ministro e ministro degli affari esteri e della diaspora, Donika G\u00ebrvalla, si \u00e8 recato in Croazia per partecipare al Forum di Dubrovnik.<\/p>\n\n\n\nIl MAE nel bando afferma che questa piattaforma ormai tradizionale rappresenta una buona opportunit\u00e0 per discutere le&#8230;<\/div><\/div>\r\n<br>\r\n<br><a href=\"https:\/\/kosovapress.com\/it\/article?id=545341\">Fonte<\/a>","protected":false},"excerpt":{"rendered":"<p>G\u00ebrvalla si reca in Croazia, partecipa al Forum di Dubrovnik notizie Leggi di pi\u00f9: 2 min. 1 settimana fa Il collegamento \u00e8 stato copiato Su invito del ministro degli Affari esteri croato, Gordan Grlic-Radman, il vice primo ministro e ministro degli affari esteri e della diaspora, Donika G\u00ebrvalla, si \u00e8 recato in Croazia per partecipare [&hellip;]<\/p>\n","protected":false},"author":1,"featured_media":0,"comment_status":"open","ping_status":"open","sticky":false,"template":"","format":"standard","meta":{"footnotes":""},"categories":[88,89],"tags":[],"class_list":{"0":"post-1225","1":"post","2":"type-post","3":"status-publish","4":"format-standard","6":"category-business-it","7":"category-croatia-it"},"_links":{"self":[{"href":"https:\/\/adriatictimes.com\/it\/wp-json\/wp\/v2\/posts\/1225","targetHints":{"allow":["GET"]}}],"collection":[{"href":"https:\/\/adriatictimes.com\/it\/wp-json\/wp\/v2\/posts"}],"about":[{"href":"https:\/\/adriatictimes.com\/it\/wp-json\/wp\/v2\/types\/post"}],"author":[{"embeddable":true,"href":"https:\/\/adriatictimes.com\/it\/wp-json\/wp\/v2\/users\/1"}],"replies":[{"embeddable":true,"href":"https:\/\/adriatictimes.com\/it\/wp-json\/wp\/v2\/comments?post=1225"}],"version-history":[{"count":0,"href":"https:\/\/adriatictimes.com\/it\/wp-json\/wp\/v2\/posts\/1225\/revisions"}],"wp:attachment":[{"href":"https:\/\/adriatictimes.com\/it\/wp-json\/wp\/v2\/media?parent=1225"}],"wp:term":[{"taxonomy":"category","embeddable":true,"href":"https:\/\/adriatictimes.com\/it\/wp-json\/wp\/v2\/categories?post=1225"},{"taxonomy":"post_tag","embeddable":true,"href":"https:\/\/adriatictimes.com\/it\/wp-json\/wp\/v2\/tags?post=1225"}],"curies":[{"name":"wp","href":"https:\/\/api.w.org\/{rel}","templated":true}]}}