{"id":1233,"date":"2024-07-07T15:47:50","date_gmt":"2024-07-07T15:47:50","guid":{"rendered":"https:\/\/adriatictimes.com\/dove-vedere-italia-bosnia-tv-streaming-amichevole-prima-di-euro\/"},"modified":"2024-07-07T15:47:50","modified_gmt":"2024-07-07T15:47:50","slug":"dove-vedere-italia-bosnia-tv-streaming-amichevole-prima-di-euro","status":"publish","type":"post","link":"https:\/\/adriatictimes.com\/it\/dove-vedere-italia-bosnia-tv-streaming-amichevole-prima-di-euro\/","title":{"rendered":"Dove vedere Italia Bosnia tv streaming: amichevole prima di EURO"},"content":{"rendered":"<p> <br \/>\n<\/p>\n<div>\n<div class=\"txt-block\">\n<p>Se hai cliccato su questo articolo stai cercando dove vedere <strong>Italia Bosnia tv streaming<\/strong>. Il match \u00e8 in programma domenica 9 giugno 2024, alle ore 21.00.<\/p>\n<p>Continua l\u2019avvicinamento a EURO 2024 da parte degli Azzurri di Luciano Spalletti che si apprestano a giocare l\u2019ultima amichevole in programma per poi salire sull\u2019aereo che li porter\u00e0 in Germania. Il commissario tecnico vedr\u00e0 cos\u00ec all\u2019opera alcuni dei <span style=\"color: #0000ff;\"><a style=\"color: #0000ff;\" href=\"https:\/\/www.calcioefinanza.it\/2024\/06\/06\/convocati-italia-euro-2024-lista-completa\/?refresh_ce\" target=\"_blank\" rel=\"noopener\">26 giocatori scelti per disputare il torneo continentale.<\/a> <\/span>Gli Azzurri sono reduci dal pareggio al Dall\u2019Ara, abbastanza deludente sotto il punto di vista della&#8230;<\/p>\n<\/div>\n<\/div>\n<p><br \/>\n<br \/><a href=\"https:\/\/www.calcioefinanza.it\/2024\/06\/09\/dove-vedere-italia-bosnia-tv-streaming-2\/\">Fonte<\/a><\/p>\n","protected":false},"excerpt":{"rendered":"<p>Se hai cliccato su questo articolo stai cercando dove vedere Italia Bosnia tv streaming. Il match \u00e8 in programma domenica 9 giugno 2024, alle ore 21.00. Continua l\u2019avvicinamento a EURO 2024 da parte degli Azzurri di Luciano Spalletti che si apprestano a giocare l\u2019ultima amichevole in programma per poi salire sull\u2019aereo che li porter\u00e0 in [&hellip;]<\/p>\n","protected":false},"author":1,"featured_media":0,"comment_status":"open","ping_status":"open","sticky":false,"template":"","format":"standard","meta":{"footnotes":""},"categories":[87,90],"tags":[],"class_list":{"0":"post-1233","1":"post","2":"type-post","3":"status-publish","4":"format-standard","6":"category-bosnia-herzegovina-it","7":"category-finance-it"},"_links":{"self":[{"href":"https:\/\/adriatictimes.com\/it\/wp-json\/wp\/v2\/posts\/1233","targetHints":{"allow":["GET"]}}],"collection":[{"href":"https:\/\/adriatictimes.com\/it\/wp-json\/wp\/v2\/posts"}],"about":[{"href":"https:\/\/adriatictimes.com\/it\/wp-json\/wp\/v2\/types\/post"}],"author":[{"embeddable":true,"href":"https:\/\/adriatictimes.com\/it\/wp-json\/wp\/v2\/users\/1"}],"replies":[{"embeddable":true,"href":"https:\/\/adriatictimes.com\/it\/wp-json\/wp\/v2\/comments?post=1233"}],"version-history":[{"count":0,"href":"https:\/\/adriatictimes.com\/it\/wp-json\/wp\/v2\/posts\/1233\/revisions"}],"wp:attachment":[{"href":"https:\/\/adriatictimes.com\/it\/wp-json\/wp\/v2\/media?parent=1233"}],"wp:term":[{"taxonomy":"category","embeddable":true,"href":"https:\/\/adriatictimes.com\/it\/wp-json\/wp\/v2\/categories?post=1233"},{"taxonomy":"post_tag","embeddable":true,"href":"https:\/\/adriatictimes.com\/it\/wp-json\/wp\/v2\/tags?post=1233"}],"curies":[{"name":"wp","href":"https:\/\/api.w.org\/{rel}","templated":true}]}}