{"id":1259,"date":"2024-07-07T15:48:13","date_gmt":"2024-07-07T15:48:13","guid":{"rendered":"https:\/\/adriatictimes.com\/cernusco-sul-naviglio-bosnia-erzegovina-a-r-citta-di-cernusco-sul-naviglio\/"},"modified":"2024-07-07T15:48:13","modified_gmt":"2024-07-07T15:48:13","slug":"cernusco-sul-naviglio-bosnia-erzegovina-a-r-citta-di-cernusco-sul-naviglio","status":"publish","type":"post","link":"https:\/\/adriatictimes.com\/it\/cernusco-sul-naviglio-bosnia-erzegovina-a-r-citta-di-cernusco-sul-naviglio\/","title":{"rendered":"Cernusco sul Naviglio \u2013 Bosnia Erzegovina A\/R \u2013 Citt\u00e0 di Cernusco sul Naviglio"},"content":{"rendered":"<p> <br \/>\n<\/p>\n<p>\n            <strong>Attenzione!<\/strong> La pubblicazione di questo articolo \u00e8 scaduta, il contenuto potrebbe non essere pi\u00f9 valido.<br \/>\n            <button type=\"button\" class=\"close\" data-dismiss=\"alert\" aria-label=\"Close\"><br \/>\n                <span aria-hidden=\"true\">\u00d7<\/span><br \/>\n            <\/button>\n        <\/p>\n<div id=\"post-content\">\n<h2>Il Comune finanzia tre borse viaggio per tre giovani tra i 19 e i 28 anni<\/h2>\n<p><img fetchpriority=\"high\" decoding=\"async\" data-attachment-id=\"37456\" data-permalink=\"https:\/\/comune.cernuscosulnaviglio.mi.it\/36617-cernusco-sul-naviglio-bosnia-erzegovina-a-r\/whatsapp-image-2024-04-18-at-15-02-20\/\" data-orig-file=\"https:\/\/comune.cernuscosulnaviglio.mi.it\/wp-content\/uploads\/2024\/04\/WhatsApp-Image-2024-04-18-at-15.02.20.jpeg\" data-orig-size=\"1364,928\" data-comments-opened=\"1\" data-image-meta=\"{&quot;aperture&quot;:&quot;0&quot;,&quot;credit&quot;:&quot;&quot;,&quot;camera&quot;:&quot;&quot;,&quot;caption&quot;:&quot;&quot;,&quot;created_timestamp&quot;:&quot;0&quot;,&quot;copyright&quot;:&quot;&quot;,&quot;focal_length&quot;:&quot;0&quot;,&quot;iso&quot;:&quot;0&quot;,&quot;shutter_speed&quot;:&quot;0&quot;,&quot;title&quot;:&quot;&quot;,&quot;orientation&quot;:&quot;0&quot;}\" data-image-title=\"WhatsApp Image 2024-04-18 at 15.02.20\" data-image-description=\"\" data-image-caption=\"\" data-medium-file=\"https:\/\/comune.cernuscosulnaviglio.mi.it\/wp-content\/uploads\/2024\/04\/WhatsApp-Image-2024-04-18-at-15.02.20-300x204.jpeg\" data-large-file=\"https:\/\/comune.cernuscosulnaviglio.mi.it\/wp-content\/uploads\/2024\/04\/WhatsApp-Image-2024-04-18-at-15.02.20-1024x697.jpeg\" class=\"aligncenter wp-image-37456 size-large img-fluid\" src=\"https:\/\/comune.cernuscosulnaviglio.mi.it\/wp-content\/uploads\/2024\/04\/WhatsApp-Image-2024-04-18-at-15.02.20-1024x697.jpeg\" alt=\"\" width=\"900\" height=\"613\" srcset=\"https:\/\/comune.cernuscosulnaviglio.mi.it\/wp-content\/uploads\/2024\/04\/WhatsApp-Image-2024-04-18-at-15.02.20-1024x697.jpeg 1024w, https:\/\/comune.cernuscosulnaviglio.mi.it\/wp-content\/uploads\/2024\/04\/WhatsApp-Image-2024-04-18-at-15.02.20-300x204.jpeg 300w, https:\/\/comune.cernuscosulnaviglio.mi.it\/wp-content\/uploads\/2024\/04\/WhatsApp-Image-2024-04-18-at-15.02.20-768x523.jpeg 768w, https:\/\/comune.cernuscosulnaviglio.mi.it\/wp-content\/uploads\/2024\/04\/WhatsApp-Image-2024-04-18-at-15.02.20.jpeg 1364w\" sizes=\"(max-width: 900px) 100vw, 900px\"\/><\/p>\n<p>La Giunta Comunale di Cernusco sul Naviglio ha deliberato nei mesi scorsi il sostegno economico a tre borse viaggio destinate a tre giovani di et\u00e0 compresa tra i 19 e i 28 anni residenti in citt\u00e0, che avranno la possibilit\u00e0 di prendere parte a <strong>progetti di cooperazione internazionale avviati in Bosnia Erzegovina da IPSIA <\/strong>(Istituto&#8230;<\/p>\n<\/div>\n<p><br \/>\n<br \/><a href=\"https:\/\/comune.cernuscosulnaviglio.mi.it\/36617-cernusco-sul-naviglio-bosnia-erzegovina-a-r\/\">Fonte<\/a><\/p>\n","protected":false},"excerpt":{"rendered":"<p>Attenzione! La pubblicazione di questo articolo \u00e8 scaduta, il contenuto potrebbe non essere pi\u00f9 valido. \u00d7 Il Comune finanzia tre borse viaggio per tre giovani tra i 19 e i 28 anni La Giunta Comunale di Cernusco sul Naviglio ha deliberato nei mesi scorsi il sostegno economico a tre borse viaggio destinate a tre giovani [&hellip;]<\/p>\n","protected":false},"author":1,"featured_media":0,"comment_status":"open","ping_status":"open","sticky":false,"template":"","format":"standard","meta":{"footnotes":""},"categories":[87,95],"tags":[],"class_list":{"0":"post-1259","1":"post","2":"type-post","3":"status-publish","4":"format-standard","6":"category-bosnia-herzegovina-it","7":"category-travel-it"},"_links":{"self":[{"href":"https:\/\/adriatictimes.com\/it\/wp-json\/wp\/v2\/posts\/1259","targetHints":{"allow":["GET"]}}],"collection":[{"href":"https:\/\/adriatictimes.com\/it\/wp-json\/wp\/v2\/posts"}],"about":[{"href":"https:\/\/adriatictimes.com\/it\/wp-json\/wp\/v2\/types\/post"}],"author":[{"embeddable":true,"href":"https:\/\/adriatictimes.com\/it\/wp-json\/wp\/v2\/users\/1"}],"replies":[{"embeddable":true,"href":"https:\/\/adriatictimes.com\/it\/wp-json\/wp\/v2\/comments?post=1259"}],"version-history":[{"count":0,"href":"https:\/\/adriatictimes.com\/it\/wp-json\/wp\/v2\/posts\/1259\/revisions"}],"wp:attachment":[{"href":"https:\/\/adriatictimes.com\/it\/wp-json\/wp\/v2\/media?parent=1259"}],"wp:term":[{"taxonomy":"category","embeddable":true,"href":"https:\/\/adriatictimes.com\/it\/wp-json\/wp\/v2\/categories?post=1259"},{"taxonomy":"post_tag","embeddable":true,"href":"https:\/\/adriatictimes.com\/it\/wp-json\/wp\/v2\/tags?post=1259"}],"curies":[{"name":"wp","href":"https:\/\/api.w.org\/{rel}","templated":true}]}}