{"id":1267,"date":"2024-07-07T15:48:22","date_gmt":"2024-07-07T15:48:22","guid":{"rendered":"https:\/\/adriatictimes.com\/16-casertani-insigniti-delle-onorificenze\/"},"modified":"2024-07-07T15:48:22","modified_gmt":"2024-07-07T15:48:22","slug":"16-casertani-insigniti-delle-onorificenze","status":"publish","type":"post","link":"https:\/\/adriatictimes.com\/it\/16-casertani-insigniti-delle-onorificenze\/","title":{"rendered":"16 casertani insigniti delle onorificenze"},"content":{"rendered":"<p> <br \/>\n<\/p>\n<div data-content--body=\"[[counter]]\">\n<p>       <!-- body --><\/p>\n<p dir=\"ltr\">Ultimi preparativi per la Festa della Repubblica di domani, 2 giugno. La cerimonia, come annunciato dalla Prefettura di Caserta, prender\u00e0 il via alle ore 9:45 presso il Monumento ai Caduti della citt\u00e0 di Caserta. Qui si svolger\u00e0 la cerimonia organizzata dalla Prefettura di Caserta con la Brigata \u201cGaribaldi\u201d per celebrare il 78\u00b0 Anniversario della \u201cFesta della Repubblica\u201d.<\/p>\n<p dir=\"ltr\">All\u2019evento saranno presenti le Autorit\u00e0 civili, militari e religiose, i Sindaci e Commissari dei Comuni\u00a0della provincia e una rappresentanza di studenti del Liceo&#8230;<\/p>\n<\/div>\n<p><br \/>\n<br \/><a href=\"https:\/\/www.casertanews.it\/attualita\/cerimonia-monumento-caduti-festa-repubblica-caserta.html\">Fonte<\/a><\/p>\n","protected":false},"excerpt":{"rendered":"<p>Ultimi preparativi per la Festa della Repubblica di domani, 2 giugno. La cerimonia, come annunciato dalla Prefettura di Caserta, prender\u00e0 il via alle ore 9:45 presso il Monumento ai Caduti della citt\u00e0 di Caserta. Qui si svolger\u00e0 la cerimonia organizzata dalla Prefettura di Caserta con la Brigata \u201cGaribaldi\u201d per celebrare il 78\u00b0 Anniversario della \u201cFesta [&hellip;]<\/p>\n","protected":false},"author":1,"featured_media":0,"comment_status":"open","ping_status":"open","sticky":false,"template":"","format":"standard","meta":{"footnotes":""},"categories":[87,90],"tags":[],"class_list":{"0":"post-1267","1":"post","2":"type-post","3":"status-publish","4":"format-standard","6":"category-bosnia-herzegovina-it","7":"category-finance-it"},"_links":{"self":[{"href":"https:\/\/adriatictimes.com\/it\/wp-json\/wp\/v2\/posts\/1267","targetHints":{"allow":["GET"]}}],"collection":[{"href":"https:\/\/adriatictimes.com\/it\/wp-json\/wp\/v2\/posts"}],"about":[{"href":"https:\/\/adriatictimes.com\/it\/wp-json\/wp\/v2\/types\/post"}],"author":[{"embeddable":true,"href":"https:\/\/adriatictimes.com\/it\/wp-json\/wp\/v2\/users\/1"}],"replies":[{"embeddable":true,"href":"https:\/\/adriatictimes.com\/it\/wp-json\/wp\/v2\/comments?post=1267"}],"version-history":[{"count":0,"href":"https:\/\/adriatictimes.com\/it\/wp-json\/wp\/v2\/posts\/1267\/revisions"}],"wp:attachment":[{"href":"https:\/\/adriatictimes.com\/it\/wp-json\/wp\/v2\/media?parent=1267"}],"wp:term":[{"taxonomy":"category","embeddable":true,"href":"https:\/\/adriatictimes.com\/it\/wp-json\/wp\/v2\/categories?post=1267"},{"taxonomy":"post_tag","embeddable":true,"href":"https:\/\/adriatictimes.com\/it\/wp-json\/wp\/v2\/tags?post=1267"}],"curies":[{"name":"wp","href":"https:\/\/api.w.org\/{rel}","templated":true}]}}