{"id":1273,"date":"2024-07-07T15:48:26","date_gmt":"2024-07-07T15:48:26","guid":{"rendered":"https:\/\/adriatictimes.com\/balcani-occidentali-on-the-road-un-viaggio-in-moto-attraverso-7-stati\/"},"modified":"2024-07-07T15:48:26","modified_gmt":"2024-07-07T15:48:26","slug":"balcani-occidentali-on-the-road-un-viaggio-in-moto-attraverso-7-stati","status":"publish","type":"post","link":"https:\/\/adriatictimes.com\/it\/balcani-occidentali-on-the-road-un-viaggio-in-moto-attraverso-7-stati\/","title":{"rendered":"Balcani occidentali on the road: un viaggio in moto attraverso 7 stati"},"content":{"rendered":"<p> <br \/>\n<\/p>\n<div id=\"\">\n<div class=\"post-container-above\">\n<p>\nTesto di Marco Ronzoni &#8211; Foto di Paola Bettineschi, Viviana Merlotti, Marino Parini e Marco Ronzoni<\/p>\n<\/div>\n<div class=\"thumb\">\n<img loading=\"lazy\" decoding=\"async\" src=\"data:image\/svg+xml,%3Csvg%20xmlns=\" http:=\"\" data-src=\"https:\/\/cdn.turistipercaso.it\/media?src=\/uploads\/2023\/09\/BALCANI_ON_THE_ROAD.jpg&amp;sharpen&amp;save-as=webp&amp;aspect-ratio=16:9&amp;crop-to-fit&amp;w=1200&amp;q=60\" class=\"attachment-gridlove-single size-gridlove-single lazy\" width=\"1200\" height=\"675\" alt=\"balcani occidentali on the road: un viaggio in moto attraverso 7 stati\" data-srcset=\"https:\/\/cdn.turistipercaso.it\/media?src=\/uploads\/2023\/09\/BALCANI_ON_THE_ROAD.jpg&amp;sharpen&amp;save-as=webp&amp;aspect-ratio=16:9&amp;crop-to-fit&amp;w=260&amp;q=50 260w,https:\/\/cdn.turistipercaso.it\/media?src=\/uploads\/2023\/09\/BALCANI_ON_THE_ROAD.jpg&amp;sharpen&amp;save-as=webp&amp;aspect-ratio=16:9&amp;crop-to-fit&amp;w=280&amp;q=50 280w,https:\/\/cdn.turistipercaso.it\/media?src=\/uploads\/2023\/09\/BALCANI_ON_THE_ROAD.jpg&amp;sharpen&amp;save-as=webp&amp;aspect-ratio=16:9&amp;crop-to-fit&amp;w=300&amp;q=51 300w,https:\/\/cdn.turistipercaso.it\/media?src=\/uploads\/2023\/09\/BALCANI_ON_THE_ROAD.jpg&amp;sharpen&amp;save-as=webp&amp;aspect-ratio=16:9&amp;crop-to-fit&amp;w=320&amp;q=52 320w,https:\/\/cdn.turistipercaso.it\/media?src=\/uploads\/2023\/09\/BALCANI_ON_THE_ROAD.jpg&amp;sharpen&amp;save-as=webp&amp;aspect-ratio=16:9&amp;crop-to-fit&amp;w=340&amp;q=53 340w,https:\/\/cdn.turistipercaso.it\/media?src=\/uploads\/2023\/09\/BALCANI_ON_THE_ROAD.jpg&amp;sharpen&amp;save-as=webp&amp;aspect-ratio=16:9&amp;crop-to-fit&amp;w=360&amp;q=54 360w,https:\/\/cdn.turistipercaso.it\/media?src=\/uploads\/2023\/09\/BALCANI_ON_THE_ROAD.jpg&amp;sharpen&amp;save-as=webp&amp;aspect-ratio=16:9&amp;crop-to-fit&amp;w=380&amp;q=55 380w,https:\/\/cdn.turistipercaso.it\/media?src=\/uploads\/2023\/09\/BALCANI_ON_THE_ROAD.jpg&amp;sharpen&amp;save-as=webp&amp;aspect-ratio=16:9&amp;crop-to-fit&amp;w=400&amp;q=56 400w,https:\/\/cdn.turistipercaso.it\/media?src=\/uploads\/2023\/09\/BALCANI_ON_THE_ROAD.jpg&amp;sharpen&amp;save-as=webp&amp;aspect-ratio=16:9&amp;crop-to-fit&amp;w=420&amp;q=57 420w,https:\/\/cdn.turistipercaso.it\/media?src=\/uploads\/2023\/09\/BALCANI_ON_THE_ROAD.jpg&amp;sharpen&amp;save-as=webp&amp;aspect-ratio=16:9&amp;crop-to-fit&amp;w=440&amp;q=58 440w,https:\/\/cdn.turistipercaso.it\/media?src=\/uploads\/2023\/09\/BALCANI_ON_THE_ROAD.jpg&amp;sharpen&amp;save-as=webp&amp;aspect-ratio=16:9&amp;crop-to-fit&amp;w=460&amp;q=59 460w,https:\/\/cdn.turistipercaso.it\/media?src=\/uploads\/2023\/09\/BALCANI_ON_THE_ROAD.jpg&amp;sharpen&amp;save-as=webp&amp;aspect-ratio=16:9&amp;crop-to-fit&amp;w=480&amp;q=60 480w,https:\/\/cdn.turistipercaso.it\/media?src=\/uploads\/2023\/09\/BALCANI_ON_THE_ROAD.jpg&amp;sharpen&amp;save-as=webp&amp;aspect-ratio=16:9&amp;crop-to-fit&amp;w=500&amp;q=61 500w,https:\/\/cdn.turistipercaso.it\/media?src=\/uploads\/2023\/09\/BALCANI_ON_THE_ROAD.jpg&amp;sharpen&amp;save-as=webp&amp;aspect-ratio=16:9&amp;crop-to-fit&amp;w=520&amp;q=62 520w,https:\/\/cdn.turistipercaso.it\/media?src=\/uploads\/2023\/09\/BALCANI_ON_THE_ROAD.jpg&amp;sharpen&amp;save-as=webp&amp;aspect-ratio=16:9&amp;crop-to-fit&amp;w=540&amp;q=63 540w,https:\/\/cdn.turistipercaso.it\/media?src=\/uploads\/2023\/09\/BALCANI_ON_THE_ROAD.jpg&amp;sharpen&amp;save-as=webp&amp;aspect-ratio=16:9&amp;crop-to-fit&amp;w=560&amp;q=64 560w,https:\/\/cdn.turistipercaso.it\/media?src=\/uploads\/2023\/09\/BALCANI_ON_THE_ROAD.jpg&amp;sharpen&amp;save-as=webp&amp;aspect-ratio=16:9&amp;crop-to-fit&amp;w=580&amp;q=65 580w,https:\/\/cdn.turistipercaso.it\/media?src=\/uploads\/2023\/09\/BALCANI_ON_THE_ROAD.jpg&amp;sharpen&amp;save-as=webp&amp;aspect-ratio=16:9&amp;crop-to-fit&amp;w=600&amp;q=66 600w,https:\/\/cdn.turistipercaso.it\/media?src=\/uploads\/2023\/09\/BALCANI_ON_THE_ROAD.jpg&amp;sharpen&amp;save-as=webp&amp;aspect-ratio=16:9&amp;crop-to-fit&amp;w=620&amp;q=67 620w,https:\/\/cdn.turistipercaso.it\/media?src=\/uploads\/2023\/09\/BALCANI_ON_THE_ROAD.jpg&amp;sharpen&amp;save-as=webp&amp;aspect-ratio=16:9&amp;crop-to-fit&amp;w=640&amp;q=68 640w,https:\/\/cdn.turistipercaso.it\/media?src=\/uploads\/2023\/09\/BALCANI_ON_THE_ROAD.jpg&amp;sharpen&amp;save-as=webp&amp;aspect-ratio=16:9&amp;crop-to-fit&amp;w=660&amp;q=69 660w,\" data-sizes=\"(max-width: 260px) 260px,(max-width: 280px) 280px,(max-width: 300px) 300px,(max-width: 320px) 320px,(max-width: 340px) 340px,(max-width: 360px) 360px,(max-width: 380px) 380px,(max-width: 400px) 400px,(max-width: 420px) 420px,(max-width: 440px) 440px,(max-width: 460px) 460px,(max-width: 480px) 480px,(max-width: 500px) 500px,(max-width: 520px) 520px,(max-width: 540px) 540px,(max-width: 560px) 560px,(max-width: 580px) 580px,(max-width: 600px) 600px,(max-width: 620px) 620px,(max-width: 640px) 640px,(max-width: 660px) 660px ,(min-width: 700px) 1200px\"\/><\/div>\n<p>Le moto sono pronte, cariche al punto giusto. L\u2019itinerario \u00e8 gi\u00e0 fissato, cos\u00ec come tutti gli alloggi che ci ospiteranno nei prossimi dodici giorni. Siamo al preludio di un tour che ci porter\u00e0 a toccare sette stati balcanici, con l\u2019intento di assaporarne le strade e, anche se brevemente, le loro rispettive capitali.<\/p>\n<h2><span class=\"ez-toc-section\" id=\"Diario_di_viaggio\"\/>Diario di viaggio<span class=\"ez-toc-section-end\"\/><\/h2>\n<h3><span class=\"ez-toc-section\" id=\"Slovenia\"\/>Slovenia<span class=\"ez-toc-section-end\"\/><\/h3>\n<p>Di primo mattino attraversiamo la citt\u00e0, accorgendoci dell\u2019uscita dall\u2019Italia solo perch\u00e9 le scritte su cartelli ed insegne diventano&#8230;<\/p>\n<\/div>\n<p><br \/>\n<br \/><a href=\"https:\/\/turistipercaso.it\/diari-di-viaggio\/balcani-occidentali-on-the-road-un-viaggio-in-moto-attraverso-7-stati.html\">Fonte<\/a><\/p>\n","protected":false},"excerpt":{"rendered":"<p>Testo di Marco Ronzoni &#8211; Foto di Paola Bettineschi, Viviana Merlotti, Marino Parini e Marco Ronzoni Le moto sono pronte, cariche al punto giusto. L\u2019itinerario \u00e8 gi\u00e0 fissato, cos\u00ec come tutti gli alloggi che ci ospiteranno nei prossimi dodici giorni. Siamo al preludio di un tour che ci porter\u00e0 a toccare sette stati balcanici, con [&hellip;]<\/p>\n","protected":false},"author":1,"featured_media":0,"comment_status":"open","ping_status":"open","sticky":false,"template":"","format":"standard","meta":{"footnotes":""},"categories":[87,95],"tags":[],"class_list":{"0":"post-1273","1":"post","2":"type-post","3":"status-publish","4":"format-standard","6":"category-bosnia-herzegovina-it","7":"category-travel-it"},"_links":{"self":[{"href":"https:\/\/adriatictimes.com\/it\/wp-json\/wp\/v2\/posts\/1273","targetHints":{"allow":["GET"]}}],"collection":[{"href":"https:\/\/adriatictimes.com\/it\/wp-json\/wp\/v2\/posts"}],"about":[{"href":"https:\/\/adriatictimes.com\/it\/wp-json\/wp\/v2\/types\/post"}],"author":[{"embeddable":true,"href":"https:\/\/adriatictimes.com\/it\/wp-json\/wp\/v2\/users\/1"}],"replies":[{"embeddable":true,"href":"https:\/\/adriatictimes.com\/it\/wp-json\/wp\/v2\/comments?post=1273"}],"version-history":[{"count":0,"href":"https:\/\/adriatictimes.com\/it\/wp-json\/wp\/v2\/posts\/1273\/revisions"}],"wp:attachment":[{"href":"https:\/\/adriatictimes.com\/it\/wp-json\/wp\/v2\/media?parent=1273"}],"wp:term":[{"taxonomy":"category","embeddable":true,"href":"https:\/\/adriatictimes.com\/it\/wp-json\/wp\/v2\/categories?post=1273"},{"taxonomy":"post_tag","embeddable":true,"href":"https:\/\/adriatictimes.com\/it\/wp-json\/wp\/v2\/tags?post=1273"}],"curies":[{"name":"wp","href":"https:\/\/api.w.org\/{rel}","templated":true}]}}