{"id":1279,"date":"2024-07-07T15:48:35","date_gmt":"2024-07-07T15:48:35","guid":{"rendered":"https:\/\/adriatictimes.com\/la-dolce-estate-della-croazia-viaggio-per-voi\/"},"modified":"2024-07-07T15:48:35","modified_gmt":"2024-07-07T15:48:35","slug":"la-dolce-estate-della-croazia-viaggio-per-voi","status":"publish","type":"post","link":"https:\/\/adriatictimes.com\/it\/la-dolce-estate-della-croazia-viaggio-per-voi\/","title":{"rendered":"La dolce estate della Croazia \u2013 Viaggio per voi"},"content":{"rendered":"<p> <br \/>\n<\/p>\n<div>\n<h2><strong>Destinazione Croazia, un\u2019esperienza indimenticabile!<\/strong><\/h2>\n<p><a href=\"https:\/\/blog.ilgiornale.it\/viaggiopervoi\/files\/2024\/06\/Danubio-by-Sinisa-Ustulica.jpg\"><img decoding=\"async\" loading=\"lazy\" class=\"alignnone size-medium wp-image-5703\" src=\"https:\/\/blog.ilgiornale.it\/viaggiopervoi\/files\/2024\/06\/Danubio-by-Sinisa-Ustulica-300x200.jpg\" alt=\"\" width=\"300\" height=\"200\" srcset=\"https:\/\/blog.ilgiornale.it\/viaggiopervoi\/files\/2024\/06\/Danubio-by-Sinisa-Ustulica-300x200.jpg 300w, https:\/\/blog.ilgiornale.it\/viaggiopervoi\/files\/2024\/06\/Danubio-by-Sinisa-Ustulica-1024x683.jpg 1024w, https:\/\/blog.ilgiornale.it\/viaggiopervoi\/files\/2024\/06\/Danubio-by-Sinisa-Ustulica-768x512.jpg 768w, https:\/\/blog.ilgiornale.it\/viaggiopervoi\/files\/2024\/06\/Danubio-by-Sinisa-Ustulica-1536x1025.jpg 1536w, https:\/\/blog.ilgiornale.it\/viaggiopervoi\/files\/2024\/06\/Danubio-by-Sinisa-Ustulica.jpg 1730w\" sizes=\"auto, (max-width: 300px) 100vw, 300px\" \/><\/a><\/p>\n<p>La Croazia \u00e8 un paese che offre una grande variet\u00e0 di paesaggi e attrazioni turistiche, che spaziano dalle citt\u00e0 storiche ai parchi naturali e nazionali, dalle spiagge sabbiose alle acque cristalline delle isole dell\u2019Adriatico. Non c\u2019\u00e8 turista che non abbia sentito parlare di Dubrovnik e delle sue mura, delle isole Kornati o dei Laghi di Plitvice. Ma come reagireste se vi dicessimo che in Croazia ci sono luoghi che, per tanti versi, sono ancora pi\u00f9 esclusivi, unici ed incantevoli ma certamente meno noti di quelli&#8230;<\/p>\n<\/div>\n<p><br \/>\n<br \/><a href=\"https:\/\/blog.ilgiornale.it\/viaggiopervoi\/2024\/06\/06\/la-dolce-estate-della-croazia\/\">Fonte<\/a><\/p>\n","protected":false},"excerpt":{"rendered":"<p>Destinazione Croazia, un\u2019esperienza indimenticabile! La Croazia \u00e8 un paese che offre una grande variet\u00e0 di paesaggi e attrazioni turistiche, che spaziano dalle citt\u00e0 storiche ai parchi naturali e nazionali, dalle spiagge sabbiose alle acque cristalline delle isole dell\u2019Adriatico. Non c\u2019\u00e8 turista che non abbia sentito parlare di Dubrovnik e delle sue mura, delle isole Kornati [&hellip;]<\/p>\n","protected":false},"author":1,"featured_media":0,"comment_status":"open","ping_status":"open","sticky":false,"template":"","format":"standard","meta":{"footnotes":""},"categories":[89,95],"tags":[],"class_list":{"0":"post-1279","1":"post","2":"type-post","3":"status-publish","4":"format-standard","6":"category-croatia-it","7":"category-travel-it"},"_links":{"self":[{"href":"https:\/\/adriatictimes.com\/it\/wp-json\/wp\/v2\/posts\/1279","targetHints":{"allow":["GET"]}}],"collection":[{"href":"https:\/\/adriatictimes.com\/it\/wp-json\/wp\/v2\/posts"}],"about":[{"href":"https:\/\/adriatictimes.com\/it\/wp-json\/wp\/v2\/types\/post"}],"author":[{"embeddable":true,"href":"https:\/\/adriatictimes.com\/it\/wp-json\/wp\/v2\/users\/1"}],"replies":[{"embeddable":true,"href":"https:\/\/adriatictimes.com\/it\/wp-json\/wp\/v2\/comments?post=1279"}],"version-history":[{"count":0,"href":"https:\/\/adriatictimes.com\/it\/wp-json\/wp\/v2\/posts\/1279\/revisions"}],"wp:attachment":[{"href":"https:\/\/adriatictimes.com\/it\/wp-json\/wp\/v2\/media?parent=1279"}],"wp:term":[{"taxonomy":"category","embeddable":true,"href":"https:\/\/adriatictimes.com\/it\/wp-json\/wp\/v2\/categories?post=1279"},{"taxonomy":"post_tag","embeddable":true,"href":"https:\/\/adriatictimes.com\/it\/wp-json\/wp\/v2\/tags?post=1279"}],"curies":[{"name":"wp","href":"https:\/\/api.w.org\/{rel}","templated":true}]}}