{"id":1282,"date":"2024-07-07T15:48:37","date_gmt":"2024-07-07T15:48:37","guid":{"rendered":"https:\/\/adriatictimes.com\/racconti-viaggi-andati-male\/"},"modified":"2024-07-07T15:48:37","modified_gmt":"2024-07-07T15:48:37","slug":"racconti-viaggi-andati-male","status":"publish","type":"post","link":"https:\/\/adriatictimes.com\/it\/racconti-viaggi-andati-male\/","title":{"rendered":"Racconti: viaggi andati male"},"content":{"rendered":"<p> <br \/>\n<\/p>\n<div>\n<p class=\"paragraph\">Chi nella caccia, che \u00e8 attivit\u00e0 intima e soggettiva da avvicinarsi alle spirituali, pu\u00f2 giudicare quel confine sottile che divide una interessante esperienza personale da una disfatta? Chi pu\u00f2 distinguere gli esiti a volte non immediati ma permanenti di esperienze vissute da soli o in compagnia?\u00a0 A volte il confine fra un bel viaggio e uno andato male \u00e8 netto e riconoscibile se la trasferta assume l\u2019aspetto di una disavventura male organizzata; ma in quante altre situazioni il risultato non \u00e8 un bilancio esatto ma l\u2019inizio di qualcosa di diverso? Sono quei dettagli che nessuno&#8230;<\/p>\n<\/div>\n<p><br \/>\n<br \/><a href=\"https:\/\/www.all4shooters.com\/it\/caccia\/storie-viaggi-cultura\/racconti-di-viaggi-considerazioni-utili\/\">Fonte<\/a><\/p>\n","protected":false},"excerpt":{"rendered":"<p>Chi nella caccia, che \u00e8 attivit\u00e0 intima e soggettiva da avvicinarsi alle spirituali, pu\u00f2 giudicare quel confine sottile che divide una interessante esperienza personale da una disfatta? Chi pu\u00f2 distinguere gli esiti a volte non immediati ma permanenti di esperienze vissute da soli o in compagnia?\u00a0 A volte il confine fra un bel viaggio e [&hellip;]<\/p>\n","protected":false},"author":1,"featured_media":0,"comment_status":"open","ping_status":"open","sticky":false,"template":"","format":"standard","meta":{"footnotes":""},"categories":[87,95],"tags":[],"class_list":{"0":"post-1282","1":"post","2":"type-post","3":"status-publish","4":"format-standard","6":"category-bosnia-herzegovina-it","7":"category-travel-it"},"_links":{"self":[{"href":"https:\/\/adriatictimes.com\/it\/wp-json\/wp\/v2\/posts\/1282","targetHints":{"allow":["GET"]}}],"collection":[{"href":"https:\/\/adriatictimes.com\/it\/wp-json\/wp\/v2\/posts"}],"about":[{"href":"https:\/\/adriatictimes.com\/it\/wp-json\/wp\/v2\/types\/post"}],"author":[{"embeddable":true,"href":"https:\/\/adriatictimes.com\/it\/wp-json\/wp\/v2\/users\/1"}],"replies":[{"embeddable":true,"href":"https:\/\/adriatictimes.com\/it\/wp-json\/wp\/v2\/comments?post=1282"}],"version-history":[{"count":0,"href":"https:\/\/adriatictimes.com\/it\/wp-json\/wp\/v2\/posts\/1282\/revisions"}],"wp:attachment":[{"href":"https:\/\/adriatictimes.com\/it\/wp-json\/wp\/v2\/media?parent=1282"}],"wp:term":[{"taxonomy":"category","embeddable":true,"href":"https:\/\/adriatictimes.com\/it\/wp-json\/wp\/v2\/categories?post=1282"},{"taxonomy":"post_tag","embeddable":true,"href":"https:\/\/adriatictimes.com\/it\/wp-json\/wp\/v2\/tags?post=1282"}],"curies":[{"name":"wp","href":"https:\/\/api.w.org\/{rel}","templated":true}]}}