{"id":1283,"date":"2024-07-07T15:48:38","date_gmt":"2024-07-07T15:48:38","guid":{"rendered":"https:\/\/adriatictimes.com\/dodik-annuncia-referendum-su-indipendenza-republika-srpska\/"},"modified":"2024-07-07T15:48:38","modified_gmt":"2024-07-07T15:48:38","slug":"dodik-annuncia-referendum-su-indipendenza-republika-srpska","status":"publish","type":"post","link":"https:\/\/adriatictimes.com\/it\/dodik-annuncia-referendum-su-indipendenza-republika-srpska\/","title":{"rendered":"Dodik annuncia referendum su indipendenza Republika Srpska"},"content":{"rendered":"<p> <br \/>\n<\/p>\n<div>\n<p>            (ANSA) &#8211; BELGRADO, 07 GIU &#8211; Il leader nazionalista<br \/>\nserbo-bosniaco Milorad Dodik ha annunciato un referendum<br \/>\nsull&#8217;indipendenza della Republika Srpska dalla<br \/>\nBosnia-Erzegovina. &#8220;C&#8217;\u00e8 la decisione sulla separazione, ma non \u00e8<br \/>\nstata ancora decisa una data concreta. E&#8217; necessario analizzare<br \/>\nbene il tutto. Noi lo vorremmo fare gi\u00e0 ora, ma oltre a noi ci<br \/>\nsono altre due parti in tale processo, e per questo naturalmente<br \/>\nserve tempo&#8221;, ha detto Dodik in dichiarazioni alla Tass, riprese<br \/>\ndai media a Belgrado.<br \/>\n       &#8230;<\/p>\n<\/div>\n<p><br \/>\n<br \/><a href=\"https:\/\/www.ansa.it\/amp\/nuova_europa\/it\/notizie\/nazioni\/bosnia\/2024\/06\/07\/dodik-annuncia-referendum-su-indipendenza-republika-srpska_3d7d9356-fe19-4d6d-a8ac-69c6c2bc9cfa.html\">Fonte<\/a><\/p>\n","protected":false},"excerpt":{"rendered":"<p>(ANSA) &#8211; BELGRADO, 07 GIU &#8211; Il leader nazionalista serbo-bosniaco Milorad Dodik ha annunciato un referendum sull&#8217;indipendenza della Republika Srpska dalla Bosnia-Erzegovina. &#8220;C&#8217;\u00e8 la decisione sulla separazione, ma non \u00e8 stata ancora decisa una data concreta. E&#8217; necessario analizzare bene il tutto. Noi lo vorremmo fare gi\u00e0 ora, ma oltre a noi ci sono altre [&hellip;]<\/p>\n","protected":false},"author":1,"featured_media":0,"comment_status":"open","ping_status":"open","sticky":false,"template":"","format":"standard","meta":{"footnotes":""},"categories":[87,94],"tags":[],"class_list":{"0":"post-1283","1":"post","2":"type-post","3":"status-publish","4":"format-standard","6":"category-bosnia-herzegovina-it","7":"category-technology-it"},"_links":{"self":[{"href":"https:\/\/adriatictimes.com\/it\/wp-json\/wp\/v2\/posts\/1283","targetHints":{"allow":["GET"]}}],"collection":[{"href":"https:\/\/adriatictimes.com\/it\/wp-json\/wp\/v2\/posts"}],"about":[{"href":"https:\/\/adriatictimes.com\/it\/wp-json\/wp\/v2\/types\/post"}],"author":[{"embeddable":true,"href":"https:\/\/adriatictimes.com\/it\/wp-json\/wp\/v2\/users\/1"}],"replies":[{"embeddable":true,"href":"https:\/\/adriatictimes.com\/it\/wp-json\/wp\/v2\/comments?post=1283"}],"version-history":[{"count":0,"href":"https:\/\/adriatictimes.com\/it\/wp-json\/wp\/v2\/posts\/1283\/revisions"}],"wp:attachment":[{"href":"https:\/\/adriatictimes.com\/it\/wp-json\/wp\/v2\/media?parent=1283"}],"wp:term":[{"taxonomy":"category","embeddable":true,"href":"https:\/\/adriatictimes.com\/it\/wp-json\/wp\/v2\/categories?post=1283"},{"taxonomy":"post_tag","embeddable":true,"href":"https:\/\/adriatictimes.com\/it\/wp-json\/wp\/v2\/tags?post=1283"}],"curies":[{"name":"wp","href":"https:\/\/api.w.org\/{rel}","templated":true}]}}