{"id":2450,"date":"2024-07-17T13:40:07","date_gmt":"2024-07-17T13:40:07","guid":{"rendered":"https:\/\/adriatictimes.com\/uno-studio-per-diffondere-il-5g-tra-italia-e-slovenia\/"},"modified":"2024-07-17T13:40:07","modified_gmt":"2024-07-17T13:40:07","slug":"uno-studio-per-diffondere-il-5g-tra-italia-e-slovenia","status":"publish","type":"post","link":"https:\/\/adriatictimes.com\/it\/uno-studio-per-diffondere-il-5g-tra-italia-e-slovenia\/","title":{"rendered":"Uno studio per diffondere il 5G tra Italia e Slovenia"},"content":{"rendered":"<p> <br \/>\n<\/p>\n<div>\n<p>            (ANSA) &#8211; TRIESTE, 15 LUG &#8211; Definire i parametri necessari per<br \/>\nl&#8217;attuazione di un&#8217;infrastruttura dedicata allo sviluppo del<br \/>\ndigitale intelligente e ai servizi per i territori e le<br \/>\ncomunit\u00e0, valutando le migliori modalit\u00e0 per applicare le<br \/>\npotenzialit\u00e0 della tecnologia di rete 5G a diversi casi d&#8217;uso<br \/>\nper lo sviluppo di infrastrutture lineari come la mobilit\u00e0<br \/>\nconnessa e automatizzata e la sicurezza stradale lungo 275 Km di<br \/>\nautostrada tra il Friuli Venezia Giulia e la Slovenia. E&#8217;<br \/>\nl&#8217;obiettivo finale dello&#8230;<\/p>\n<\/div>\n<p><br \/>\n<br \/><a href=\"https:\/\/www.ansa.it\/amp\/nuova_europa\/it\/notizie\/rubriche\/altrenews\/2024\/07\/15\/uno-studio-per-diffondere-il-5g-tra-italia-e-slovenia_5a197e98-3f74-4133-ac21-af25bfe62d3c.html\">Fonte<\/a><\/p>\n","protected":false},"excerpt":{"rendered":"<p>(ANSA) &#8211; TRIESTE, 15 LUG &#8211; Definire i parametri necessari per l&#8217;attuazione di un&#8217;infrastruttura dedicata allo sviluppo del digitale intelligente e ai servizi per i territori e le comunit\u00e0, valutando le migliori modalit\u00e0 per applicare le potenzialit\u00e0 della tecnologia di rete 5G a diversi casi d&#8217;uso per lo sviluppo di infrastrutture lineari come la mobilit\u00e0 [&hellip;]<\/p>\n","protected":false},"author":1,"featured_media":0,"comment_status":"open","ping_status":"open","sticky":false,"template":"","format":"standard","meta":{"footnotes":""},"categories":[93,2,10,94],"tags":[],"class_list":{"0":"post-2450","1":"post","2":"type-post","3":"status-publish","4":"format-standard","6":"category-slovenia-it","7":"category-slovenia","8":"category-technology","9":"category-technology-it"},"_links":{"self":[{"href":"https:\/\/adriatictimes.com\/it\/wp-json\/wp\/v2\/posts\/2450","targetHints":{"allow":["GET"]}}],"collection":[{"href":"https:\/\/adriatictimes.com\/it\/wp-json\/wp\/v2\/posts"}],"about":[{"href":"https:\/\/adriatictimes.com\/it\/wp-json\/wp\/v2\/types\/post"}],"author":[{"embeddable":true,"href":"https:\/\/adriatictimes.com\/it\/wp-json\/wp\/v2\/users\/1"}],"replies":[{"embeddable":true,"href":"https:\/\/adriatictimes.com\/it\/wp-json\/wp\/v2\/comments?post=2450"}],"version-history":[{"count":0,"href":"https:\/\/adriatictimes.com\/it\/wp-json\/wp\/v2\/posts\/2450\/revisions"}],"wp:attachment":[{"href":"https:\/\/adriatictimes.com\/it\/wp-json\/wp\/v2\/media?parent=2450"}],"wp:term":[{"taxonomy":"category","embeddable":true,"href":"https:\/\/adriatictimes.com\/it\/wp-json\/wp\/v2\/categories?post=2450"},{"taxonomy":"post_tag","embeddable":true,"href":"https:\/\/adriatictimes.com\/it\/wp-json\/wp\/v2\/tags?post=2450"}],"curies":[{"name":"wp","href":"https:\/\/api.w.org\/{rel}","templated":true}]}}