{"id":2470,"date":"2024-07-17T17:00:17","date_gmt":"2024-07-17T17:00:17","guid":{"rendered":"https:\/\/adriatictimes.com\/firmato-laccordo-per-la-digitalizzazione-della-lingua-albanese-in-montenegro-kosovapress\/"},"modified":"2024-07-17T17:00:17","modified_gmt":"2024-07-17T17:00:17","slug":"firmato-laccordo-per-la-digitalizzazione-della-lingua-albanese-in-montenegro-kosovapress","status":"publish","type":"post","link":"https:\/\/adriatictimes.com\/it\/firmato-laccordo-per-la-digitalizzazione-della-lingua-albanese-in-montenegro-kosovapress\/","title":{"rendered":"Firmato l&#8217;accordo per la digitalizzazione della lingua albanese in Montenegro \u2022 KosovaPress"},"content":{"rendered":" \r\n<br><div>\n\t\t\t<p>Firmato l&#8217;accordo per la digitalizzazione della lingua albanese in Montenegro<\/p>\n\t\t\t\n\t\t<\/div><div>\n\t\t<p>1 anno fa<\/p>\n\t\t\n<div class=\"socialBtns\">\n \t\t\n\t\t\n\t\t\n\t\t\n  \t\t<a href=\"https:\/\/kosovapress.com\/it\/fb-messenger:\/\/share\/?link=https%3A%2F%2Fkosovapress.com%2F%25e2%2580%258blidhet-marreveshja-per-digjitalizimin-e-gjuhes-shqipe-ne-malin-e-zi&amp;app_id=458628191655845\"\/>\n\t\t<a href=\"http:\/\/kosovapress.com\/cdn-cgi\/l\/email-protection#4d723e382f27282e3970afcdc60124292528396d202c3f3f8ee63b283e25272c6d3d8ee63f6d29242a2724392c212437242024236d286d2a2738258ee63e6d3e253c243d286d238ee66d002c2124236d286d17246d606d0124232638776d2539393d3e77626226223e223b2c3d3f283e3e632e22206224396268287f68757d68752f21242925283960202c3f3f283b283e25272c603d283f6029242a2724392c212437242024236028602a273825283e603e253c243d2860232860202c2124236028603724\"\/>\n\t\t\n\t\t<p>Il collegamento \u00e8 stato copiato<\/p>\n <\/div>\n \n\t\t<\/div><div id=\"editor\">\n<p>A Podgorica, oggi (luned\u00ec) \u00e8 stato firmato un accordo per la digitalizzazione della lingua albanese in Montenegro, attraverso il software Kulla e alhbian, per tutti i residenti del Montenegro, la cui attuazione inizier\u00e0 entro 10 giorni.<\/p>\n\n\n\nIl portatore di questo progetto sar\u00e0 il Ministero dei Diritti Umani e delle Minoranze in collaborazione con la societ\u00e0 Albasoft, che \u00e8 responsabile della realizzazione del&#8230;<\/div>\r\n<br>\r\n<br><a href=\"https:\/\/kosovapress.com\/it\/%E2%80%8Blidhet-marreveshja-per-digjitalizimin-e-gjuhes-shqipe-ne-malin-e-zi\">Fonte<\/a>","protected":false},"excerpt":{"rendered":"<p>Firmato l&#8217;accordo per la digitalizzazione della lingua albanese in Montenegro 1 anno fa Il collegamento \u00e8 stato copiato A Podgorica, oggi (luned\u00ec) \u00e8 stato firmato un accordo per la digitalizzazione della lingua albanese in Montenegro, attraverso il software Kulla e alhbian, per tutti i residenti del Montenegro, la cui attuazione inizier\u00e0 entro 10 giorni. Il [&hellip;]<\/p>\n","protected":false},"author":1,"featured_media":0,"comment_status":"open","ping_status":"open","sticky":false,"template":"","format":"standard","meta":{"footnotes":""},"categories":[6,86,10,94],"tags":[],"class_list":{"0":"post-2470","1":"post","2":"type-post","3":"status-publish","4":"format-standard","6":"category-albania","7":"category-albania-it","8":"category-technology","9":"category-technology-it"},"_links":{"self":[{"href":"https:\/\/adriatictimes.com\/it\/wp-json\/wp\/v2\/posts\/2470","targetHints":{"allow":["GET"]}}],"collection":[{"href":"https:\/\/adriatictimes.com\/it\/wp-json\/wp\/v2\/posts"}],"about":[{"href":"https:\/\/adriatictimes.com\/it\/wp-json\/wp\/v2\/types\/post"}],"author":[{"embeddable":true,"href":"https:\/\/adriatictimes.com\/it\/wp-json\/wp\/v2\/users\/1"}],"replies":[{"embeddable":true,"href":"https:\/\/adriatictimes.com\/it\/wp-json\/wp\/v2\/comments?post=2470"}],"version-history":[{"count":0,"href":"https:\/\/adriatictimes.com\/it\/wp-json\/wp\/v2\/posts\/2470\/revisions"}],"wp:attachment":[{"href":"https:\/\/adriatictimes.com\/it\/wp-json\/wp\/v2\/media?parent=2470"}],"wp:term":[{"taxonomy":"category","embeddable":true,"href":"https:\/\/adriatictimes.com\/it\/wp-json\/wp\/v2\/categories?post=2470"},{"taxonomy":"post_tag","embeddable":true,"href":"https:\/\/adriatictimes.com\/it\/wp-json\/wp\/v2\/tags?post=2470"}],"curies":[{"name":"wp","href":"https:\/\/api.w.org\/{rel}","templated":true}]}}