{"id":2732,"date":"2024-07-24T14:30:16","date_gmt":"2024-07-24T14:30:16","guid":{"rendered":"https:\/\/adriatictimes.com\/chiude-larea-di-servizio-petrol-di-merna-comune-pronto-allacquisto-il-goriziano\/"},"modified":"2024-07-24T14:30:16","modified_gmt":"2024-07-24T14:30:16","slug":"chiude-larea-di-servizio-petrol-di-merna-comune-pronto-allacquisto-il-goriziano","status":"publish","type":"post","link":"https:\/\/adriatictimes.com\/it\/chiude-larea-di-servizio-petrol-di-merna-comune-pronto-allacquisto-il-goriziano\/","title":{"rendered":"Chiude l&#8217;area di servizio Petrol di Merna, Comune pronto all&#8217;acquisto \u2022 Il Goriziano"},"content":{"rendered":"<p> <br \/>\n<\/p>\n<div id=\"testo_articolo\">\n<p>La <strong>stazione di servizio Petrol a nord di Merna<\/strong> chiuder\u00e0. Non c\u2019e ancora una data precisa, ma la decisione \u00e8 stata presa anche in seguito alle lamentele dei residenti riguardo alla sua posizione poco pratica, dato che si trova lungo la strada principale del paese. In seguito alla chiusura, si liberer\u00e0 un&#8217;area di circa 2500 metri quadrati. Il Comune di Miren-Kostanjevica ha gi\u00e0 pianificato di acquistare questo terreno e destinare lo spazio risultante per la realizzazione di parcheggi di biciclette e automobili, nonch\u00e9 per le necessit\u00e0 del mercato locale. Il Petrol si sposter\u00e0&#8230;<\/p>\n<\/div>\n<p><br \/>\n<br \/><a href=\"https:\/\/www.ilgoriziano.it\/articolo\/chiude-stazione-servizio-petrol-merna-comune-pronto-acquisto-28-febbraio-2024\">Fonte<\/a><\/p>\n","protected":false},"excerpt":{"rendered":"<p>La stazione di servizio Petrol a nord di Merna chiuder\u00e0. Non c\u2019e ancora una data precisa, ma la decisione \u00e8 stata presa anche in seguito alle lamentele dei residenti riguardo alla sua posizione poco pratica, dato che si trova lungo la strada principale del paese. In seguito alla chiusura, si liberer\u00e0 un&#8217;area di circa 2500 [&hellip;]<\/p>\n","protected":false},"author":1,"featured_media":0,"comment_status":"open","ping_status":"open","sticky":false,"template":"","format":"standard","meta":{"footnotes":""},"categories":[88,9,93,2],"tags":[],"class_list":{"0":"post-2732","1":"post","2":"type-post","3":"status-publish","4":"format-standard","6":"category-business-it","7":"category-business","8":"category-slovenia-it","9":"category-slovenia"},"_links":{"self":[{"href":"https:\/\/adriatictimes.com\/it\/wp-json\/wp\/v2\/posts\/2732","targetHints":{"allow":["GET"]}}],"collection":[{"href":"https:\/\/adriatictimes.com\/it\/wp-json\/wp\/v2\/posts"}],"about":[{"href":"https:\/\/adriatictimes.com\/it\/wp-json\/wp\/v2\/types\/post"}],"author":[{"embeddable":true,"href":"https:\/\/adriatictimes.com\/it\/wp-json\/wp\/v2\/users\/1"}],"replies":[{"embeddable":true,"href":"https:\/\/adriatictimes.com\/it\/wp-json\/wp\/v2\/comments?post=2732"}],"version-history":[{"count":0,"href":"https:\/\/adriatictimes.com\/it\/wp-json\/wp\/v2\/posts\/2732\/revisions"}],"wp:attachment":[{"href":"https:\/\/adriatictimes.com\/it\/wp-json\/wp\/v2\/media?parent=2732"}],"wp:term":[{"taxonomy":"category","embeddable":true,"href":"https:\/\/adriatictimes.com\/it\/wp-json\/wp\/v2\/categories?post=2732"},{"taxonomy":"post_tag","embeddable":true,"href":"https:\/\/adriatictimes.com\/it\/wp-json\/wp\/v2\/tags?post=2732"}],"curies":[{"name":"wp","href":"https:\/\/api.w.org\/{rel}","templated":true}]}}