{"id":2733,"date":"2024-07-24T14:40:09","date_gmt":"2024-07-24T14:40:09","guid":{"rendered":"https:\/\/adriatictimes.com\/4-giorni-dopo-il-suo-destino-cambia\/"},"modified":"2024-07-24T14:40:09","modified_gmt":"2024-07-24T14:40:09","slug":"4-giorni-dopo-il-suo-destino-cambia","status":"publish","type":"post","link":"https:\/\/adriatictimes.com\/it\/4-giorni-dopo-il-suo-destino-cambia\/","title":{"rendered":"4 giorni dopo, il suo destino cambia"},"content":{"rendered":"<p> <br \/>\n<\/p>\n<div>\n<p>Maeve e Maggie Jo ricorderanno a lungo il loro <strong>viaggio in Montenegro<\/strong>. Durante il loro percorso in bicicletta, le due donne notano un <strong>cane randagio<\/strong>.<\/p>\n<p>Quello che doveva essere un semplice incontro si trasformer\u00e0 in una vera e propria avventura!<\/p>\n<h2 id=\"un-incontro-inatteso\">Un incontro inatteso<\/h2>\n<p>Il cane non lascer\u00e0 andare le cicliste. Per quattro giorni seguir\u00e0 le bici delle due turiste. Di fronte all&#8217;ostinazione dell&#8217;animale, Maeve e Maggie Jo cadranno sotto l&#8217;incantesimo di questo tenero cagnolino. Impossibile lasciarlo per strada!<\/p>\n<p>\n    Non perderti questi video: <\/p>\n<p>Dopo una <strong>visita dal veterinario<\/strong> per&#8230;<\/p>\n<\/div>\n<p><br \/>\n<br \/><a href=\"https:\/\/wamiz.it\/news\/177290\/video-in-montenegro-un-cane-randagio-decide-di-seguire-due-turiste-4-giorni-dopo-il-suo-destino-cambia\">Fonte<\/a><\/p>\n","protected":false},"excerpt":{"rendered":"<p>Maeve e Maggie Jo ricorderanno a lungo il loro viaggio in Montenegro. Durante il loro percorso in bicicletta, le due donne notano un cane randagio. Quello che doveva essere un semplice incontro si trasformer\u00e0 in una vera e propria avventura! Un incontro inatteso Il cane non lascer\u00e0 andare le cicliste. Per quattro giorni seguir\u00e0 le [&hellip;]<\/p>\n","protected":false},"author":1,"featured_media":0,"comment_status":"open","ping_status":"open","sticky":false,"template":"","format":"standard","meta":{"footnotes":""},"categories":[92,4,11,95],"tags":[],"class_list":{"0":"post-2733","1":"post","2":"type-post","3":"status-publish","4":"format-standard","6":"category-montenegro-it","7":"category-montenegro","8":"category-travel","9":"category-travel-it"},"_links":{"self":[{"href":"https:\/\/adriatictimes.com\/it\/wp-json\/wp\/v2\/posts\/2733","targetHints":{"allow":["GET"]}}],"collection":[{"href":"https:\/\/adriatictimes.com\/it\/wp-json\/wp\/v2\/posts"}],"about":[{"href":"https:\/\/adriatictimes.com\/it\/wp-json\/wp\/v2\/types\/post"}],"author":[{"embeddable":true,"href":"https:\/\/adriatictimes.com\/it\/wp-json\/wp\/v2\/users\/1"}],"replies":[{"embeddable":true,"href":"https:\/\/adriatictimes.com\/it\/wp-json\/wp\/v2\/comments?post=2733"}],"version-history":[{"count":0,"href":"https:\/\/adriatictimes.com\/it\/wp-json\/wp\/v2\/posts\/2733\/revisions"}],"wp:attachment":[{"href":"https:\/\/adriatictimes.com\/it\/wp-json\/wp\/v2\/media?parent=2733"}],"wp:term":[{"taxonomy":"category","embeddable":true,"href":"https:\/\/adriatictimes.com\/it\/wp-json\/wp\/v2\/categories?post=2733"},{"taxonomy":"post_tag","embeddable":true,"href":"https:\/\/adriatictimes.com\/it\/wp-json\/wp\/v2\/tags?post=2733"}],"curies":[{"name":"wp","href":"https:\/\/api.w.org\/{rel}","templated":true}]}}