{"id":3287,"date":"2024-08-21T18:50:13","date_gmt":"2024-08-21T18:50:13","guid":{"rendered":"https:\/\/adriatictimes.com\/il-fallimento-di-avon-non-influira-sugli-affari-in-bosnia-erzegovina\/"},"modified":"2024-08-21T18:50:13","modified_gmt":"2024-08-21T18:50:13","slug":"il-fallimento-di-avon-non-influira-sugli-affari-in-bosnia-erzegovina","status":"publish","type":"post","link":"https:\/\/adriatictimes.com\/it\/il-fallimento-di-avon-non-influira-sugli-affari-in-bosnia-erzegovina\/","title":{"rendered":"Il fallimento di Avon non influir\u00e0 sugli affari in Bosnia-Erzegovina"},"content":{"rendered":"<p> <br \/>\n<\/p>\n<div wp_automatic_readability=\"48.020671834625\">\n<p>Dopo che l&#8217;azienda brasiliana Natura, proprietaria del marchio di cosmetici Avon in Gran Bretagna, Europa e America Latina, ha dichiarato fallimento, la domanda pi\u00f9 frequente \u00e8 se ci\u00f2 influenzer\u00e0 le attivit\u00e0 del marchio in Bosnia ed Erzegovina.<\/p>\n<blockquote wp_automatic_readability=\"12\">\n<p>&#8211; Le societ\u00e0 Avon che operano sul mercato della Bosnia ed Erzegovina e su altri mercati internazionali, al di fuori del territorio degli Stati Uniti d&#8217;America, e il cui proprietario \u00e8 la societ\u00e0 brasiliana &#8220;Natura&#8221;, continuano il loro lavoro senza interruzione e non fanno parte della procedura fallimentare . &#8220;Ogni prodotto&#8230;<\/p>\n<\/blockquote>\n<\/div>\n<p><br \/>\n<br \/><a href=\"https:\/\/www.slobodenpecat.mk\/it\/stechajot-na-avon-nema-da-vlijae-na-biznisot-vo-bih\/\">Fonte<\/a><\/p>\n","protected":false},"excerpt":{"rendered":"<p>Dopo che l&#8217;azienda brasiliana Natura, proprietaria del marchio di cosmetici Avon in Gran Bretagna, Europa e America Latina, ha dichiarato fallimento, la domanda pi\u00f9 frequente \u00e8 se ci\u00f2 influenzer\u00e0 le attivit\u00e0 del marchio in Bosnia ed Erzegovina. &#8211; Le societ\u00e0 Avon che operano sul mercato della Bosnia ed Erzegovina e su altri mercati internazionali, al [&hellip;]<\/p>\n","protected":false},"author":1,"featured_media":0,"comment_status":"open","ping_status":"open","sticky":false,"template":"","format":"standard","meta":{"footnotes":""},"categories":[88,8,87,9],"tags":[],"class_list":{"0":"post-3287","1":"post","2":"type-post","3":"status-publish","4":"format-standard","6":"category-business-it","7":"category-bosnia-herzegovina","8":"category-bosnia-herzegovina-it","9":"category-business"},"_links":{"self":[{"href":"https:\/\/adriatictimes.com\/it\/wp-json\/wp\/v2\/posts\/3287","targetHints":{"allow":["GET"]}}],"collection":[{"href":"https:\/\/adriatictimes.com\/it\/wp-json\/wp\/v2\/posts"}],"about":[{"href":"https:\/\/adriatictimes.com\/it\/wp-json\/wp\/v2\/types\/post"}],"author":[{"embeddable":true,"href":"https:\/\/adriatictimes.com\/it\/wp-json\/wp\/v2\/users\/1"}],"replies":[{"embeddable":true,"href":"https:\/\/adriatictimes.com\/it\/wp-json\/wp\/v2\/comments?post=3287"}],"version-history":[{"count":0,"href":"https:\/\/adriatictimes.com\/it\/wp-json\/wp\/v2\/posts\/3287\/revisions"}],"wp:attachment":[{"href":"https:\/\/adriatictimes.com\/it\/wp-json\/wp\/v2\/media?parent=3287"}],"wp:term":[{"taxonomy":"category","embeddable":true,"href":"https:\/\/adriatictimes.com\/it\/wp-json\/wp\/v2\/categories?post=3287"},{"taxonomy":"post_tag","embeddable":true,"href":"https:\/\/adriatictimes.com\/it\/wp-json\/wp\/v2\/tags?post=3287"}],"curies":[{"name":"wp","href":"https:\/\/api.w.org\/{rel}","templated":true}]}}