{"id":3289,"date":"2024-08-21T19:10:11","date_gmt":"2024-08-21T19:10:11","guid":{"rendered":"https:\/\/adriatictimes.com\/droga-blitz-della-finanza-a-parma-contro-un-clan-albanese-foto\/"},"modified":"2024-08-21T19:10:11","modified_gmt":"2024-08-21T19:10:11","slug":"droga-blitz-della-finanza-a-parma-contro-un-clan-albanese-foto","status":"publish","type":"post","link":"https:\/\/adriatictimes.com\/it\/droga-blitz-della-finanza-a-parma-contro-un-clan-albanese-foto\/","title":{"rendered":"Droga, blitz della Finanza a Parma contro un clan albanese &#8211; foto"},"content":{"rendered":"<p> <br \/>\n<\/p>\n<div>\n<p>Importante operazione della Guardia di Finanza all&#8217;alba in un casolare alle porte della citt\u00e0. Arrestato un gruppo criminale albanese per traffico di droga. A Parma \u00e8 finito in carcere uno degli spacciatori di cocaina e per altre tre persone \u00e8 scattato il divieto di dimora. Il sequestro preventivo ha riguardato tre dei destinatari della misura cautelare personale per complessivi 360mila euro, quale profitto del reato di traffico di sostanze stupefacenti. A guidare l&#8217;operazione il procuratore capo Alfonso D&#8217;Avino e il comandante provinciale della Finanza colonnello Fernando Capezzuto. <a...<\/strong><\/a><\/p>\n<\/div>\n<p><br \/>\n<br \/><a href=\"https:\/\/parma.repubblica.it\/cronaca\/2024\/07\/22\/foto\/droga_loperazione_della_finanza_a_parma_contro_clan_albanese_-_foto-423408081\/1\/\">Fonte<\/a><\/p>\n","protected":false},"excerpt":{"rendered":"<p>Importante operazione della Guardia di Finanza all&#8217;alba in un casolare alle porte della citt\u00e0. Arrestato un gruppo criminale albanese per traffico di droga. A Parma \u00e8 finito in carcere uno degli spacciatori di cocaina e per altre tre persone \u00e8 scattato il divieto di dimora. Il sequestro preventivo ha riguardato tre dei destinatari della misura [&hellip;]<\/p>\n","protected":false},"author":1,"featured_media":0,"comment_status":"open","ping_status":"open","sticky":false,"template":"","format":"standard","meta":{"footnotes":""},"categories":[86,6,13,90],"tags":[],"class_list":{"0":"post-3289","1":"post","2":"type-post","3":"status-publish","4":"format-standard","6":"category-albania-it","7":"category-albania","8":"category-finance","9":"category-finance-it"},"_links":{"self":[{"href":"https:\/\/adriatictimes.com\/it\/wp-json\/wp\/v2\/posts\/3289","targetHints":{"allow":["GET"]}}],"collection":[{"href":"https:\/\/adriatictimes.com\/it\/wp-json\/wp\/v2\/posts"}],"about":[{"href":"https:\/\/adriatictimes.com\/it\/wp-json\/wp\/v2\/types\/post"}],"author":[{"embeddable":true,"href":"https:\/\/adriatictimes.com\/it\/wp-json\/wp\/v2\/users\/1"}],"replies":[{"embeddable":true,"href":"https:\/\/adriatictimes.com\/it\/wp-json\/wp\/v2\/comments?post=3289"}],"version-history":[{"count":0,"href":"https:\/\/adriatictimes.com\/it\/wp-json\/wp\/v2\/posts\/3289\/revisions"}],"wp:attachment":[{"href":"https:\/\/adriatictimes.com\/it\/wp-json\/wp\/v2\/media?parent=3289"}],"wp:term":[{"taxonomy":"category","embeddable":true,"href":"https:\/\/adriatictimes.com\/it\/wp-json\/wp\/v2\/categories?post=3289"},{"taxonomy":"post_tag","embeddable":true,"href":"https:\/\/adriatictimes.com\/it\/wp-json\/wp\/v2\/tags?post=3289"}],"curies":[{"name":"wp","href":"https:\/\/api.w.org\/{rel}","templated":true}]}}