{"id":3290,"date":"2024-08-21T19:20:16","date_gmt":"2024-08-21T19:20:16","guid":{"rendered":"https:\/\/adriatictimes.com\/corruzione-in-albania-arrestato-ex-ministro-della-sanita-politica\/"},"modified":"2024-08-21T19:20:16","modified_gmt":"2024-08-21T19:20:16","slug":"corruzione-in-albania-arrestato-ex-ministro-della-sanita-politica","status":"publish","type":"post","link":"https:\/\/adriatictimes.com\/it\/corruzione-in-albania-arrestato-ex-ministro-della-sanita-politica\/","title":{"rendered":"Corruzione in Albania, arrestato ex ministro della Sanit\u00e0 &#8211; Politica"},"content":{"rendered":"<p> <br \/>\n<\/p>\n<div itemprop=\"articleBody\">\n<p>            L&#8217;ex ministro albanese della Sanit\u00e0<br \/>\nIlir Beqaj, nel primo mandato di governo del premier socialista<br \/>\nEdi Rama (2013-2017) \u00e8 stato arrestato oggi a Tirana, su ordine<br \/>\ndella Procura speciale contro la criminalit\u00e0 organizzata e la<br \/>\ncorruzione. Insieme a lui, in manette sono finite anche due suoi<br \/>\ncollaboratori, tutti sospettati di aver messo su uno schema di<br \/>\nabuso con i fondi dell&#8217;Agenzia per il coordinamento<br \/>\ndell&#8217;assistenza internazionale, di cui Beqaj era stato nominato<br \/>\ndirettore nel 2021. L&#8217;ex ministro \u00e8&#8230;<\/p>\n<\/div>\n<p><br \/>\n<br \/><a href=\"https:\/\/www.ansa.it\/nuova_europa\/it\/notizie\/rubriche\/politica\/2024\/07\/04\/corruzione-in-albania-arrestato-ex-ministro-della-sanita_995febe4-78c6-4fea-bd55-a8ff8454ab82.html\">Fonte<\/a><\/p>\n","protected":false},"excerpt":{"rendered":"<p>L&#8217;ex ministro albanese della Sanit\u00e0 Ilir Beqaj, nel primo mandato di governo del premier socialista Edi Rama (2013-2017) \u00e8 stato arrestato oggi a Tirana, su ordine della Procura speciale contro la criminalit\u00e0 organizzata e la corruzione. Insieme a lui, in manette sono finite anche due suoi collaboratori, tutti sospettati di aver messo su uno schema [&hellip;]<\/p>\n","protected":false},"author":1,"featured_media":0,"comment_status":"open","ping_status":"open","sticky":false,"template":"","format":"standard","meta":{"footnotes":""},"categories":[86,6,10,94],"tags":[],"class_list":{"0":"post-3290","1":"post","2":"type-post","3":"status-publish","4":"format-standard","6":"category-albania-it","7":"category-albania","8":"category-technology","9":"category-technology-it"},"_links":{"self":[{"href":"https:\/\/adriatictimes.com\/it\/wp-json\/wp\/v2\/posts\/3290","targetHints":{"allow":["GET"]}}],"collection":[{"href":"https:\/\/adriatictimes.com\/it\/wp-json\/wp\/v2\/posts"}],"about":[{"href":"https:\/\/adriatictimes.com\/it\/wp-json\/wp\/v2\/types\/post"}],"author":[{"embeddable":true,"href":"https:\/\/adriatictimes.com\/it\/wp-json\/wp\/v2\/users\/1"}],"replies":[{"embeddable":true,"href":"https:\/\/adriatictimes.com\/it\/wp-json\/wp\/v2\/comments?post=3290"}],"version-history":[{"count":0,"href":"https:\/\/adriatictimes.com\/it\/wp-json\/wp\/v2\/posts\/3290\/revisions"}],"wp:attachment":[{"href":"https:\/\/adriatictimes.com\/it\/wp-json\/wp\/v2\/media?parent=3290"}],"wp:term":[{"taxonomy":"category","embeddable":true,"href":"https:\/\/adriatictimes.com\/it\/wp-json\/wp\/v2\/categories?post=3290"},{"taxonomy":"post_tag","embeddable":true,"href":"https:\/\/adriatictimes.com\/it\/wp-json\/wp\/v2\/tags?post=3290"}],"curies":[{"name":"wp","href":"https:\/\/api.w.org\/{rel}","templated":true}]}}