{"id":3291,"date":"2024-08-21T19:40:14","date_gmt":"2024-08-21T19:40:14","guid":{"rendered":"https:\/\/adriatictimes.com\/ce-ancora-mucillagine-in-adriatico-la-situazione-dopo-il-maltempo\/"},"modified":"2024-08-21T19:40:14","modified_gmt":"2024-08-21T19:40:14","slug":"ce-ancora-mucillagine-in-adriatico-la-situazione-dopo-il-maltempo","status":"publish","type":"post","link":"https:\/\/adriatictimes.com\/it\/ce-ancora-mucillagine-in-adriatico-la-situazione-dopo-il-maltempo\/","title":{"rendered":"C\u2019\u00e8 ancora mucillagine in Adriatico? La situazione dopo il maltempo"},"content":{"rendered":"<p> <br \/>\n<\/p>\n<div>\n<p>Bologna, 21 agosto 2024 \u2014 Serviva il maltempo per pulire il mare dalla <strong><a rel=\"follow\" href=\"https:\/\/www.ilrestodelcarlino.it\/cronaca\/mucillagine-perche-riviera-wefrgf26\">mucillagine<\/a><\/strong>\u00a0in alcune zone dell\u2019Adriatico, sia in Emilia Romagna che nelle Marche. Qui\u00a0nell\u2019<strong>Anconetano e nel Pesarese<\/strong> il mare \u00e8 tornato di uno splendente blu per fare di nuovo il bagno in tutta tranquillit\u00e0. Buona la situazione anche nel <strong>Riminese<\/strong> e a <strong>Cesenatico. <\/strong>In miglioramento pure nel<strong> Ravennate.\u00a0<\/strong> Insomma, la caduta di perturbazioni su entrambe le regioni \u00e8 stato un toccasana, sia perch\u00e9 hanno abbeverato campi e piante colpite dalla forte siccit\u00e0 di quest\u2019anno sia per aver pulito le acque&#8230;<\/p>\n<\/div>\n<p><br \/>\n<br \/><a href=\"https:\/\/www.ilrestodelcarlino.it\/cronaca\/sch-mucillagine-adriatico-oggi-situazione-ntubl3qg\">Fonte<\/a><\/p>\n","protected":false},"excerpt":{"rendered":"<p>Bologna, 21 agosto 2024 \u2014 Serviva il maltempo per pulire il mare dalla mucillagine\u00a0in alcune zone dell\u2019Adriatico, sia in Emilia Romagna che nelle Marche. Qui\u00a0nell\u2019Anconetano e nel Pesarese il mare \u00e8 tornato di uno splendente blu per fare di nuovo il bagno in tutta tranquillit\u00e0. Buona la situazione anche nel Riminese e a Cesenatico. In [&hellip;]<\/p>\n","protected":false},"author":1,"featured_media":0,"comment_status":"open","ping_status":"open","sticky":false,"template":"","format":"standard","meta":{"footnotes":""},"categories":[86,6,88,9],"tags":[],"class_list":{"0":"post-3291","1":"post","2":"type-post","3":"status-publish","4":"format-standard","6":"category-albania-it","7":"category-albania","8":"category-business-it","9":"category-business"},"_links":{"self":[{"href":"https:\/\/adriatictimes.com\/it\/wp-json\/wp\/v2\/posts\/3291","targetHints":{"allow":["GET"]}}],"collection":[{"href":"https:\/\/adriatictimes.com\/it\/wp-json\/wp\/v2\/posts"}],"about":[{"href":"https:\/\/adriatictimes.com\/it\/wp-json\/wp\/v2\/types\/post"}],"author":[{"embeddable":true,"href":"https:\/\/adriatictimes.com\/it\/wp-json\/wp\/v2\/users\/1"}],"replies":[{"embeddable":true,"href":"https:\/\/adriatictimes.com\/it\/wp-json\/wp\/v2\/comments?post=3291"}],"version-history":[{"count":0,"href":"https:\/\/adriatictimes.com\/it\/wp-json\/wp\/v2\/posts\/3291\/revisions"}],"wp:attachment":[{"href":"https:\/\/adriatictimes.com\/it\/wp-json\/wp\/v2\/media?parent=3291"}],"wp:term":[{"taxonomy":"category","embeddable":true,"href":"https:\/\/adriatictimes.com\/it\/wp-json\/wp\/v2\/categories?post=3291"},{"taxonomy":"post_tag","embeddable":true,"href":"https:\/\/adriatictimes.com\/it\/wp-json\/wp\/v2\/tags?post=3291"}],"curies":[{"name":"wp","href":"https:\/\/api.w.org\/{rel}","templated":true}]}}