{"id":3473,"date":"2024-08-28T18:40:10","date_gmt":"2024-08-28T18:40:10","guid":{"rendered":"https:\/\/adriatictimes.com\/bosnia-ed-erzegovina-il-viaggio-che-puo-cambiarti-la-vita\/"},"modified":"2024-08-28T18:40:10","modified_gmt":"2024-08-28T18:40:10","slug":"bosnia-ed-erzegovina-il-viaggio-che-puo-cambiarti-la-vita","status":"publish","type":"post","link":"https:\/\/adriatictimes.com\/it\/bosnia-ed-erzegovina-il-viaggio-che-puo-cambiarti-la-vita\/","title":{"rendered":"Bosnia ed Erzegovina il viaggio che pu\u00f2 cambiarti la vita"},"content":{"rendered":"<p> <br \/>\n<\/p>\n<div id=\"content\">\n<div id=\"content2\">\n<!--Application flashnews notizie--><\/p>\n<p><!-- post-metasocial--><\/p>\n<p> &#13;<br \/>\n<b>Fonte<\/b> : <b><em class=\"tagpots pointer\" onclick=\"javascript:apri('https:\/\/www.vanityfair.it\/article\/bosnia-ed-erzegovina-viaggio','_blank');\">vanityfair<\/em><\/b> di 25 ago 2024  &#13;\n<\/p>\n<p><!-- IMG --><\/p>\n<div id=\"post-51\">\n<div class=\"entry\">\n<!-- span articleBody --><br \/>\n<span id=\"articleBody\">&#13;<\/p>\n<div class=\"block\"><strong class=\"stileblu\"><em>Bosnia ed Erzegovina, il viaggio che pu\u00f2 cambiarti la vita<\/em><\/strong> <em style=\"color: #000\"> (Di domenica 25 agosto 2024)<\/em> Paesaggi struggenti, storia millenaria e architetture visionarie, molteplici identit\u00e0. Ecco perch\u00e9 un <strong>viaggio<\/strong> in <strong>Bosnia<\/strong> \u00e8 bellissimo (ed \u00e8 un atto di fiducia nella scoperta)<span align=\"center\" title=\"Leggi la notizia completa su vanityfair\" class=\"speech-bubble top\" onclick=\"sourcelink()\">Leggi tutta la notizia su vanityfair<\/span><\/div>\n<p>&#13;<br \/>\n<\/span><\/p>\n<p><b style=\"font-size:18px\">Notizie su altre fonti<\/b><\/p>\n<p><!-- botton social --><\/p>\n<div id=\"container-griglia\">\n<ul id=\"griglia-dk\">&#13;<br \/>\n&#13;<\/p>\n<li><b>Bosnia ed Erzegovina, il viaggio che pu\u00f2 cambiarti la vita<\/b> &#8211; Paesaggi struggenti, storia millenaria e architetture visionarie, molteplici identit\u00e0. Ecco perch\u00e9 un <b>viaggio<\/b> in <b>bosnia<\/b> \u00e8 bellissimo&#8230;<\/li>\n<\/ul>\n<\/div>\n<\/div>\n<\/div>\n<\/div>\n<\/div>\n<p><br \/>\n<br \/><a href=\"https:\/\/www.zazoom.it\/2024-08-25\/bosnia-ed-erzegovina-il-viaggio-che-puo-cambiarti-la-vita\/15255369\/\">Fonte<\/a><\/p>\n","protected":false},"excerpt":{"rendered":"<p>&#13; Fonte : vanityfair di 25 ago 2024 &#13; &#13; Bosnia ed Erzegovina, il viaggio che pu\u00f2 cambiarti la vita (Di domenica 25 agosto 2024) Paesaggi struggenti, storia millenaria e architetture visionarie, molteplici identit\u00e0. Ecco perch\u00e9 un viaggio in Bosnia \u00e8 bellissimo (ed \u00e8 un atto di fiducia nella scoperta)Leggi tutta la notizia su vanityfair [&hellip;]<\/p>\n","protected":false},"author":1,"featured_media":0,"comment_status":"open","ping_status":"open","sticky":false,"template":"","format":"standard","meta":{"footnotes":""},"categories":[8,87,11,95],"tags":[],"class_list":{"0":"post-3473","1":"post","2":"type-post","3":"status-publish","4":"format-standard","6":"category-bosnia-herzegovina","7":"category-bosnia-herzegovina-it","8":"category-travel","9":"category-travel-it"},"_links":{"self":[{"href":"https:\/\/adriatictimes.com\/it\/wp-json\/wp\/v2\/posts\/3473","targetHints":{"allow":["GET"]}}],"collection":[{"href":"https:\/\/adriatictimes.com\/it\/wp-json\/wp\/v2\/posts"}],"about":[{"href":"https:\/\/adriatictimes.com\/it\/wp-json\/wp\/v2\/types\/post"}],"author":[{"embeddable":true,"href":"https:\/\/adriatictimes.com\/it\/wp-json\/wp\/v2\/users\/1"}],"replies":[{"embeddable":true,"href":"https:\/\/adriatictimes.com\/it\/wp-json\/wp\/v2\/comments?post=3473"}],"version-history":[{"count":0,"href":"https:\/\/adriatictimes.com\/it\/wp-json\/wp\/v2\/posts\/3473\/revisions"}],"wp:attachment":[{"href":"https:\/\/adriatictimes.com\/it\/wp-json\/wp\/v2\/media?parent=3473"}],"wp:term":[{"taxonomy":"category","embeddable":true,"href":"https:\/\/adriatictimes.com\/it\/wp-json\/wp\/v2\/categories?post=3473"},{"taxonomy":"post_tag","embeddable":true,"href":"https:\/\/adriatictimes.com\/it\/wp-json\/wp\/v2\/tags?post=3473"}],"curies":[{"name":"wp","href":"https:\/\/api.w.org\/{rel}","templated":true}]}}