{"id":1789,"date":"2024-07-08T10:55:54","date_gmt":"2024-07-08T10:55:54","guid":{"rendered":"https:\/\/adriatictimes.com\/hrvaska-v-novo-izdajo-zakladnih-menic\/"},"modified":"2024-07-08T10:55:54","modified_gmt":"2024-07-08T10:55:54","slug":"hrvaska-v-novo-izdajo-zakladnih-menic","status":"publish","type":"post","link":"https:\/\/adriatictimes.com\/sl\/hrvaska-v-novo-izdajo-zakladnih-menic\/","title":{"rendered":"Hrva\u0161ka v novo izdajo zakladnih menic"},"content":{"rendered":"<p> <br \/>\n<\/p>\n<div>\n<p><span>Na Hrva\u0161kem bodo v ponedeljek, 19. februarja za\u010deli nov vpis zakladnih menic. Izpla\u010dilo obresti pa je predvideno 8. marca 2024. Ob hrva\u0161ki finan\u010dni agenciji (Fina) bodo dr\u017eavljani zakladne menice lahko kupovali tudi prek digitalne platforme <\/span><em>E-riznica<\/em><span>, vlagali pa bodo lahko v dve izdaji &#8211; z ro\u010dnostjo 91 dni, s katero&#8230;<\/span><\/p>\n<\/div>\n<p><br \/>\n<br \/><a href=\"https:\/\/si.bloombergadria.com\/financni-trgi\/denar\/52644\/hrvaska-v-novo-izdajo-zakladnih-menic\/news\">Vir<\/a><\/p>\n","protected":false},"excerpt":{"rendered":"<p>Na Hrva\u0161kem bodo v ponedeljek, 19. februarja za\u010deli nov vpis zakladnih menic. Izpla\u010dilo obresti pa je predvideno 8. marca 2024. Ob hrva\u0161ki finan\u010dni agenciji (Fina) bodo dr\u017eavljani zakladne menice lahko kupovali tudi prek digitalne platforme E-riznica, vlagali pa bodo lahko v dve izdaji &#8211; z ro\u010dnostjo 91 dni, s katero&#8230; Vir<\/p>\n","protected":false},"author":1,"featured_media":0,"comment_status":"open","ping_status":"open","sticky":false,"template":"","format":"standard","meta":{"footnotes":""},"categories":[116,115],"tags":[],"class_list":{"0":"post-1789","1":"post","2":"type-post","3":"status-publish","4":"format-standard","6":"category-finance-sl","7":"category-croatia-sl"},"_links":{"self":[{"href":"https:\/\/adriatictimes.com\/sl\/wp-json\/wp\/v2\/posts\/1789","targetHints":{"allow":["GET"]}}],"collection":[{"href":"https:\/\/adriatictimes.com\/sl\/wp-json\/wp\/v2\/posts"}],"about":[{"href":"https:\/\/adriatictimes.com\/sl\/wp-json\/wp\/v2\/types\/post"}],"author":[{"embeddable":true,"href":"https:\/\/adriatictimes.com\/sl\/wp-json\/wp\/v2\/users\/1"}],"replies":[{"embeddable":true,"href":"https:\/\/adriatictimes.com\/sl\/wp-json\/wp\/v2\/comments?post=1789"}],"version-history":[{"count":0,"href":"https:\/\/adriatictimes.com\/sl\/wp-json\/wp\/v2\/posts\/1789\/revisions"}],"wp:attachment":[{"href":"https:\/\/adriatictimes.com\/sl\/wp-json\/wp\/v2\/media?parent=1789"}],"wp:term":[{"taxonomy":"category","embeddable":true,"href":"https:\/\/adriatictimes.com\/sl\/wp-json\/wp\/v2\/categories?post=1789"},{"taxonomy":"post_tag","embeddable":true,"href":"https:\/\/adriatictimes.com\/sl\/wp-json\/wp\/v2\/tags?post=1789"}],"curies":[{"name":"wp","href":"https:\/\/api.w.org\/{rel}","templated":true}]}}