{"id":1792,"date":"2024-07-08T10:55:57","date_gmt":"2024-07-08T10:55:57","guid":{"rendered":"https:\/\/adriatictimes.com\/sokantna-napoved-grozi-nam-podnebni-kolaps-med-prvimi-na-udaru-hrvaska\/"},"modified":"2024-07-08T10:55:57","modified_gmt":"2024-07-08T10:55:57","slug":"sokantna-napoved-grozi-nam-podnebni-kolaps-med-prvimi-na-udaru-hrvaska","status":"publish","type":"post","link":"https:\/\/adriatictimes.com\/sl\/sokantna-napoved-grozi-nam-podnebni-kolaps-med-prvimi-na-udaru-hrvaska\/","title":{"rendered":"\u0160okantna napoved: grozi nam podnebni kolaps, med prvimi na udaru Hrva\u0161ka"},"content":{"rendered":"<p> <br \/>\n<\/p>\n<div>\n<p>                                        <!-- p 1 --><\/p>\n<p>Vsi znaki ka\u017eejo, da bo do konca tega stoletja priljubljenost <strong>Sredozemlja <\/strong>kot poletne po\u010ditni\u0161ke destinacije drasti\u010dno upadla zaradi <strong>neznosnih<\/strong> <strong>vro\u010din<\/strong>. Ta del Evrope bo postal podoben <strong>Dubaju v avgustu<\/strong>, opozarja The Telegraph. Negativni trendi so \u017ee opazni. <strong>Gr\u010dija <\/strong>je, na primer, v zadnjih dveh tednih zabele\u017eila&#8230;<\/p>\n<\/div>\n<p><br \/>\n<br \/><a href=\"https:\/\/www.metropolitan.si\/potovanja\/vreme-temperature-spremembe-turizem-tezave-hrvaska\/\">Vir<\/a><\/p>\n","protected":false},"excerpt":{"rendered":"<p>Vsi znaki ka\u017eejo, da bo do konca tega stoletja priljubljenost Sredozemlja kot poletne po\u010ditni\u0161ke destinacije drasti\u010dno upadla zaradi neznosnih vro\u010din. Ta del Evrope bo postal podoben Dubaju v avgustu, opozarja The Telegraph. Negativni trendi so \u017ee opazni. Gr\u010dija je, na primer, v zadnjih dveh tednih zabele\u017eila&#8230; Vir<\/p>\n","protected":false},"author":1,"featured_media":0,"comment_status":"open","ping_status":"open","sticky":false,"template":"","format":"standard","meta":{"footnotes":""},"categories":[115,121],"tags":[],"class_list":{"0":"post-1792","1":"post","2":"type-post","3":"status-publish","4":"format-standard","6":"category-croatia-sl","7":"category-travel-sl"},"_links":{"self":[{"href":"https:\/\/adriatictimes.com\/sl\/wp-json\/wp\/v2\/posts\/1792","targetHints":{"allow":["GET"]}}],"collection":[{"href":"https:\/\/adriatictimes.com\/sl\/wp-json\/wp\/v2\/posts"}],"about":[{"href":"https:\/\/adriatictimes.com\/sl\/wp-json\/wp\/v2\/types\/post"}],"author":[{"embeddable":true,"href":"https:\/\/adriatictimes.com\/sl\/wp-json\/wp\/v2\/users\/1"}],"replies":[{"embeddable":true,"href":"https:\/\/adriatictimes.com\/sl\/wp-json\/wp\/v2\/comments?post=1792"}],"version-history":[{"count":0,"href":"https:\/\/adriatictimes.com\/sl\/wp-json\/wp\/v2\/posts\/1792\/revisions"}],"wp:attachment":[{"href":"https:\/\/adriatictimes.com\/sl\/wp-json\/wp\/v2\/media?parent=1792"}],"wp:term":[{"taxonomy":"category","embeddable":true,"href":"https:\/\/adriatictimes.com\/sl\/wp-json\/wp\/v2\/categories?post=1792"},{"taxonomy":"post_tag","embeddable":true,"href":"https:\/\/adriatictimes.com\/sl\/wp-json\/wp\/v2\/tags?post=1792"}],"curies":[{"name":"wp","href":"https:\/\/api.w.org\/{rel}","templated":true}]}}