{"id":1793,"date":"2024-07-08T10:55:58","date_gmt":"2024-07-08T10:55:58","guid":{"rendered":"https:\/\/adriatictimes.com\/italija-zaradi-neplacanih-davkov-platformi-airbnb-zasegli-779-milijonov-evrov\/"},"modified":"2024-07-08T10:55:58","modified_gmt":"2024-07-08T10:55:58","slug":"italija-zaradi-neplacanih-davkov-platformi-airbnb-zasegli-779-milijonov-evrov","status":"publish","type":"post","link":"https:\/\/adriatictimes.com\/sl\/italija-zaradi-neplacanih-davkov-platformi-airbnb-zasegli-779-milijonov-evrov\/","title":{"rendered":"Italija: Zaradi nepla\u010danih davkov platformi Airbnb zasegli 779 milijonov evrov"},"content":{"rendered":"<p> <br \/>\n<\/p>\n<div>\n<p>Milansko javno to\u017eilstvo je spletno platformo za kratkoro\u010dno oddajo nepremi\u010dnin Airbnb obto\u017eilo, da med letoma 2017 in 2021 ni pla\u010devala davkov za kratkoro\u010dno oddajanje stanovanj, ki zna\u0161ajo 21 odstotkov. Zaradi dav\u010dnih utaj je sodi\u0161\u010de v ponedeljek zve\u010der naro\u010dilo, da se platformi Airbnb zase\u017ee 779 milijonov evrov.<\/p>\n<\/p><\/div>\n<div>\n<p>Enotni davek za oddajanje stanovanj je Italija po poro\u010danju nem\u0161ke tiskovne agencije dpa uvedla leta 2017.<\/p>\n<p>Spletna platforma je uvedbo davka takrat izpodbijala, vendar je Sodi\u0161\u010de EU decembra lani zavrnilo&#8230;<\/p>\n<\/div>\n<p><br \/>\n<br \/><a href=\"https:\/\/siol.net\/novice\/posel-danes\/italija-zaradi-neplacanih-davkov-platformi-airbnb-zasegli-779-milijonov-evrov-619480\">Vir<\/a><\/p>\n","protected":false},"excerpt":{"rendered":"<p>Milansko javno to\u017eilstvo je spletno platformo za kratkoro\u010dno oddajo nepremi\u010dnin Airbnb obto\u017eilo, da med letoma 2017 in 2021 ni pla\u010devala davkov za kratkoro\u010dno oddajanje stanovanj, ki zna\u0161ajo 21 odstotkov. Zaradi dav\u010dnih utaj je sodi\u0161\u010de v ponedeljek zve\u010der naro\u010dilo, da se platformi Airbnb zase\u017ee 779 milijonov evrov. Enotni davek za oddajanje stanovanj je Italija po poro\u010danju [&hellip;]<\/p>\n","protected":false},"author":1,"featured_media":0,"comment_status":"open","ping_status":"open","sticky":false,"template":"","format":"standard","meta":{"footnotes":""},"categories":[117,114],"tags":[],"class_list":{"0":"post-1793","1":"post","2":"type-post","3":"status-publish","4":"format-standard","6":"category-italy-sl","7":"category-business-sl"},"_links":{"self":[{"href":"https:\/\/adriatictimes.com\/sl\/wp-json\/wp\/v2\/posts\/1793","targetHints":{"allow":["GET"]}}],"collection":[{"href":"https:\/\/adriatictimes.com\/sl\/wp-json\/wp\/v2\/posts"}],"about":[{"href":"https:\/\/adriatictimes.com\/sl\/wp-json\/wp\/v2\/types\/post"}],"author":[{"embeddable":true,"href":"https:\/\/adriatictimes.com\/sl\/wp-json\/wp\/v2\/users\/1"}],"replies":[{"embeddable":true,"href":"https:\/\/adriatictimes.com\/sl\/wp-json\/wp\/v2\/comments?post=1793"}],"version-history":[{"count":0,"href":"https:\/\/adriatictimes.com\/sl\/wp-json\/wp\/v2\/posts\/1793\/revisions"}],"wp:attachment":[{"href":"https:\/\/adriatictimes.com\/sl\/wp-json\/wp\/v2\/media?parent=1793"}],"wp:term":[{"taxonomy":"category","embeddable":true,"href":"https:\/\/adriatictimes.com\/sl\/wp-json\/wp\/v2\/categories?post=1793"},{"taxonomy":"post_tag","embeddable":true,"href":"https:\/\/adriatictimes.com\/sl\/wp-json\/wp\/v2\/tags?post=1793"}],"curies":[{"name":"wp","href":"https:\/\/api.w.org\/{rel}","templated":true}]}}