{"id":1794,"date":"2024-07-08T10:55:58","date_gmt":"2024-07-08T10:55:58","guid":{"rendered":"https:\/\/adriatictimes.com\/escp-tozbe-slovenskih-ribicev-proti-hrvaski-neutemeljene-vlada-nad-sodbo-neprijetno-presenecena\/"},"modified":"2024-07-08T10:55:58","modified_gmt":"2024-07-08T10:55:58","slug":"escp-tozbe-slovenskih-ribicev-proti-hrvaski-neutemeljene-vlada-nad-sodbo-neprijetno-presenecena","status":"publish","type":"post","link":"https:\/\/adriatictimes.com\/sl\/escp-tozbe-slovenskih-ribicev-proti-hrvaski-neutemeljene-vlada-nad-sodbo-neprijetno-presenecena\/","title":{"rendered":"ES\u010cP: To\u017ebe slovenskih ribi\u010dev proti Hrva\u0161ki neutemeljene. Vlada nad sodbo neprijetno presene\u010dena."},"content":{"rendered":"<p> <br \/>\n<\/p>\n<div id=\"\">\n<p>Kot pi\u0161e v razsodbi, je sodi\u0161\u010de sklenilo, da nima pristojnosti odlo\u010danja glede veljavnosti in pravnih posledicah arbitra\u017ee, ki se je kon\u010dala leta 2017 in ki je dolo\u010dila mejo med obema dr\u017eavama.<\/p>\n<p>Kot so \u0161e zapisali sodniki v odlo\u010ditvi, je po hrva\u0161kem pravu meja jasno dolo\u010dena, zato prito\u017eniki ne morejo trditi, da niso vedeli, da bo njihov vstop v sporne vode imel za posledico manj\u0161i prekr\u0161ek in s tem izre\u010deno kazen. Zato je sodi\u0161\u010de prito\u017ebe ocenilo kot neutemeljene in s tem nedopustne. <\/p>\n<figure class=\"{hide_class} photoswipe image c-figure-full\" itemprop=\"associatedMedia\" itemscope=\"\" itemtype=\"http:\/\/schema.org\/ImageObject\">\n\t\t\t\t\t\t\t\t<a href=\"https:\/\/img.rtvcdn.si\/_up\/upload\/2018\/04\/03\/65487778.jpg\" itemprop=\"contentUrl\" data-size=\"1200x800\" data-large=\"https:\/\/img.rtvcdn.si\/_up\/upload\/2018\/04\/03\/65487778.jpg\"><br \/>\n\t\t\t\t\t\t\t\t\t<img decoding=\"async\" src=\"https:\/\/img.rtvcdn.si\/_up\/upload\/2018\/04\/03\/65487778.jpg\" title=\"Piranski zaliv. Foto: Radio Koper\/Andrej \u0160avko\" alt=\"Piranski zaliv. Foto: Radio Koper\/Andrej \u0160avko\"\/><br \/>\n\t\t\t\t\t\t\t\t<\/a><figcaption itemprop=\"caption description\">\n\t\t\t\t\t\t\t\t\t<span class=\"icon-photo\"\/>Piranski zaliv. Foto: Radio Koper\/Andrej&#8230;<\/figcaption><\/figure>\n<\/div>\n<p><br \/>\n<br \/><a href=\"https:\/\/www.rtvslo.si\/slovenija\/escp-tozbe-slovenskih-ribicev-proti-hrvaski-neutemeljene-vlada-nad-sodbo-neprijetno-presenecena\/708412\">Vir<\/a><\/p>\n","protected":false},"excerpt":{"rendered":"<p>Kot pi\u0161e v razsodbi, je sodi\u0161\u010de sklenilo, da nima pristojnosti odlo\u010danja glede veljavnosti in pravnih posledicah arbitra\u017ee, ki se je kon\u010dala leta 2017 in ki je dolo\u010dila mejo med obema dr\u017eavama. Kot so \u0161e zapisali sodniki v odlo\u010ditvi, je po hrva\u0161kem pravu meja jasno dolo\u010dena, zato prito\u017eniki ne morejo trditi, da niso vedeli, da bo [&hellip;]<\/p>\n","protected":false},"author":1,"featured_media":0,"comment_status":"open","ping_status":"open","sticky":false,"template":"","format":"standard","meta":{"footnotes":""},"categories":[115,120],"tags":[],"class_list":{"0":"post-1794","1":"post","2":"type-post","3":"status-publish","4":"format-standard","6":"category-croatia-sl","7":"category-technology-sl"},"_links":{"self":[{"href":"https:\/\/adriatictimes.com\/sl\/wp-json\/wp\/v2\/posts\/1794","targetHints":{"allow":["GET"]}}],"collection":[{"href":"https:\/\/adriatictimes.com\/sl\/wp-json\/wp\/v2\/posts"}],"about":[{"href":"https:\/\/adriatictimes.com\/sl\/wp-json\/wp\/v2\/types\/post"}],"author":[{"embeddable":true,"href":"https:\/\/adriatictimes.com\/sl\/wp-json\/wp\/v2\/users\/1"}],"replies":[{"embeddable":true,"href":"https:\/\/adriatictimes.com\/sl\/wp-json\/wp\/v2\/comments?post=1794"}],"version-history":[{"count":0,"href":"https:\/\/adriatictimes.com\/sl\/wp-json\/wp\/v2\/posts\/1794\/revisions"}],"wp:attachment":[{"href":"https:\/\/adriatictimes.com\/sl\/wp-json\/wp\/v2\/media?parent=1794"}],"wp:term":[{"taxonomy":"category","embeddable":true,"href":"https:\/\/adriatictimes.com\/sl\/wp-json\/wp\/v2\/categories?post=1794"},{"taxonomy":"post_tag","embeddable":true,"href":"https:\/\/adriatictimes.com\/sl\/wp-json\/wp\/v2\/tags?post=1794"}],"curies":[{"name":"wp","href":"https:\/\/api.w.org\/{rel}","templated":true}]}}