{"id":1861,"date":"2024-07-08T11:09:35","date_gmt":"2024-07-08T11:09:35","guid":{"rendered":"https:\/\/adriatictimes.com\/provokacija-ali-vaja-ameriski-vojaski-lovci-f-16-bodo-nad-bosno-in-hercegovino\/"},"modified":"2024-07-08T11:09:35","modified_gmt":"2024-07-08T11:09:35","slug":"provokacija-ali-vaja-ameriski-vojaski-lovci-f-16-bodo-nad-bosno-in-hercegovino","status":"publish","type":"post","link":"https:\/\/adriatictimes.com\/sl\/provokacija-ali-vaja-ameriski-vojaski-lovci-f-16-bodo-nad-bosno-in-hercegovino\/","title":{"rendered":"Provokacija ali vaja? Ameri\u0161ki voja\u0161ki lovci F-16 bodo nad Bosno in Hercegovino"},"content":{"rendered":"<p> <br \/>\n<\/p>\n<div>\n<p>                <!-- Featured IMAGE --><\/p>\n<p>        <!-- End Featured IMAGE --><\/p>\n<p><strong data-attribute-id=\"emphasized-text\">V ponedeljek bo v zra\u010dnem prostoru Bosne in Hercegovine potekala voja\u0161ka vaja, v kateri bodo sodelovali tudi ameri\u0161ki lovci F-16. Istega dne se bo v Banjaluki za\u010delo dvodnevno praznovanje dneva Republike Srbske, ki ga je bosansko sodi\u0161\u010de sicer leta 2015 razglasilo za neustavnega. Namestnik obrambnega ministra Aleksandar Goganovi\u0107, ki ga je na polo\u017eaj imenoval Milorad Dodik, pravi, da je prelet provokativen. <\/strong> <\/p>\n<p>Namestnik obrambnega ministra BiH <strong>Aleksandar<\/strong> <strong>Goganovi\u0107 <\/strong>je potrdil, da bodo v ponedeljek nad dr\u017eavo letela&#8230;<\/p>\n<\/div>\n<p><br \/>\n<br \/><a href=\"https:\/\/n1info.si\/novice\/svet\/ameriski-vojaski-lovci-f-16-v-ponedeljek-nad-bosno-in-hercegovino\/\">Vir<\/a><\/p>\n","protected":false},"excerpt":{"rendered":"<p>V ponedeljek bo v zra\u010dnem prostoru Bosne in Hercegovine potekala voja\u0161ka vaja, v kateri bodo sodelovali tudi ameri\u0161ki lovci F-16. Istega dne se bo v Banjaluki za\u010delo dvodnevno praznovanje dneva Republike Srbske, ki ga je bosansko sodi\u0161\u010de sicer leta 2015 razglasilo za neustavnega. Namestnik obrambnega ministra Aleksandar Goganovi\u0107, ki ga je na polo\u017eaj imenoval Milorad [&hellip;]<\/p>\n","protected":false},"author":1,"featured_media":0,"comment_status":"open","ping_status":"open","sticky":false,"template":"","format":"standard","meta":{"footnotes":""},"categories":[113,121],"tags":[],"class_list":{"0":"post-1861","1":"post","2":"type-post","3":"status-publish","4":"format-standard","6":"category-bosnia-herzegovina-sl","7":"category-travel-sl"},"_links":{"self":[{"href":"https:\/\/adriatictimes.com\/sl\/wp-json\/wp\/v2\/posts\/1861","targetHints":{"allow":["GET"]}}],"collection":[{"href":"https:\/\/adriatictimes.com\/sl\/wp-json\/wp\/v2\/posts"}],"about":[{"href":"https:\/\/adriatictimes.com\/sl\/wp-json\/wp\/v2\/types\/post"}],"author":[{"embeddable":true,"href":"https:\/\/adriatictimes.com\/sl\/wp-json\/wp\/v2\/users\/1"}],"replies":[{"embeddable":true,"href":"https:\/\/adriatictimes.com\/sl\/wp-json\/wp\/v2\/comments?post=1861"}],"version-history":[{"count":0,"href":"https:\/\/adriatictimes.com\/sl\/wp-json\/wp\/v2\/posts\/1861\/revisions"}],"wp:attachment":[{"href":"https:\/\/adriatictimes.com\/sl\/wp-json\/wp\/v2\/media?parent=1861"}],"wp:term":[{"taxonomy":"category","embeddable":true,"href":"https:\/\/adriatictimes.com\/sl\/wp-json\/wp\/v2\/categories?post=1861"},{"taxonomy":"post_tag","embeddable":true,"href":"https:\/\/adriatictimes.com\/sl\/wp-json\/wp\/v2\/tags?post=1861"}],"curies":[{"name":"wp","href":"https:\/\/api.w.org\/{rel}","templated":true}]}}