{"id":1862,"date":"2024-07-08T11:09:36","date_gmt":"2024-07-08T11:09:36","guid":{"rendered":"https:\/\/adriatictimes.com\/se-med-prazniki-odpravljate-v-tujino-priporocila-ki-jih-je-vredno-upostevati\/"},"modified":"2024-07-08T11:09:36","modified_gmt":"2024-07-08T11:09:36","slug":"se-med-prazniki-odpravljate-v-tujino-priporocila-ki-jih-je-vredno-upostevati","status":"publish","type":"post","link":"https:\/\/adriatictimes.com\/sl\/se-med-prazniki-odpravljate-v-tujino-priporocila-ki-jih-je-vredno-upostevati\/","title":{"rendered":"Se med prazniki odpravljate v tujino? Priporo\u010dila, ki jih je vredno upo\u0161tevati"},"content":{"rendered":"<p> <br \/>\n<\/p>\n<div>\n<p><strong data-attribute-id=\"emphasized-text\">Ker se bli\u017ea \u010das bo\u017ei\u010dno-novoletnih praznikov, so na ministrstvu za zunanje in evropske zadeve posodobili nabor nasvetov in priporo\u010dil, ki naj jih popotniki upo\u0161tevajo pred in med bivanjem v tujini. Ob tem na ministrstvu opozarjajo, naj popotniki pred potovanjem skrbno preverijo veljavnost potovalnih osebnih dokumentov, na samem potovanju pa naj pazijo na osebno lastnino ter pozorno spremljajo razmere v tamkaj\u0161nji dr\u017eavi. <\/strong> <\/p>\n<p>Na ministrstvu za zunanje in evropske zadeve (MZEZ) so pred bli\u017eajo\u010dimi bo\u017ei\u010dno-novoletnimi prazniki, ko&#8230;<\/p>\n<\/div>\n<p><br \/>\n<br \/><a href=\"https:\/\/n1info.si\/novice\/slovenija\/se-med-prazniki-odpravljate-v-tujino-priporocila-ki-jih-je-vredno-upostevati\/\">Vir<\/a><\/p>\n","protected":false},"excerpt":{"rendered":"<p>Ker se bli\u017ea \u010das bo\u017ei\u010dno-novoletnih praznikov, so na ministrstvu za zunanje in evropske zadeve posodobili nabor nasvetov in priporo\u010dil, ki naj jih popotniki upo\u0161tevajo pred in med bivanjem v tujini. Ob tem na ministrstvu opozarjajo, naj popotniki pred potovanjem skrbno preverijo veljavnost potovalnih osebnih dokumentov, na samem potovanju pa naj pazijo na osebno lastnino ter [&hellip;]<\/p>\n","protected":false},"author":1,"featured_media":0,"comment_status":"open","ping_status":"open","sticky":false,"template":"","format":"standard","meta":{"footnotes":""},"categories":[113,121],"tags":[],"class_list":{"0":"post-1862","1":"post","2":"type-post","3":"status-publish","4":"format-standard","6":"category-bosnia-herzegovina-sl","7":"category-travel-sl"},"_links":{"self":[{"href":"https:\/\/adriatictimes.com\/sl\/wp-json\/wp\/v2\/posts\/1862","targetHints":{"allow":["GET"]}}],"collection":[{"href":"https:\/\/adriatictimes.com\/sl\/wp-json\/wp\/v2\/posts"}],"about":[{"href":"https:\/\/adriatictimes.com\/sl\/wp-json\/wp\/v2\/types\/post"}],"author":[{"embeddable":true,"href":"https:\/\/adriatictimes.com\/sl\/wp-json\/wp\/v2\/users\/1"}],"replies":[{"embeddable":true,"href":"https:\/\/adriatictimes.com\/sl\/wp-json\/wp\/v2\/comments?post=1862"}],"version-history":[{"count":0,"href":"https:\/\/adriatictimes.com\/sl\/wp-json\/wp\/v2\/posts\/1862\/revisions"}],"wp:attachment":[{"href":"https:\/\/adriatictimes.com\/sl\/wp-json\/wp\/v2\/media?parent=1862"}],"wp:term":[{"taxonomy":"category","embeddable":true,"href":"https:\/\/adriatictimes.com\/sl\/wp-json\/wp\/v2\/categories?post=1862"},{"taxonomy":"post_tag","embeddable":true,"href":"https:\/\/adriatictimes.com\/sl\/wp-json\/wp\/v2\/tags?post=1862"}],"curies":[{"name":"wp","href":"https:\/\/api.w.org\/{rel}","templated":true}]}}