{"id":1867,"date":"2024-07-08T11:09:39","date_gmt":"2024-07-08T11:09:39","guid":{"rendered":"https:\/\/adriatictimes.com\/cudovito-jezero-ob-katerem-dopustujeta-princ-in-princesa-karadordevic\/"},"modified":"2024-07-08T11:09:39","modified_gmt":"2024-07-08T11:09:39","slug":"cudovito-jezero-ob-katerem-dopustujeta-princ-in-princesa-karadordevic","status":"publish","type":"post","link":"https:\/\/adriatictimes.com\/sl\/cudovito-jezero-ob-katerem-dopustujeta-princ-in-princesa-karadordevic\/","title":{"rendered":"\u010cudovito jezero, ob katerem dopustujeta princ in princesa Kara\u0111or\u0111evi\u0107"},"content":{"rendered":"<p> <br \/>\n<\/p>\n<div id=\"post-5876099\" new-ct=\"false\">\n<div class=\"entry-content\">\n<p>                <!-- Featured IMAGE --><\/p>\n<p>        <!-- End Featured IMAGE --><\/p>\n<p><strong data-attribute-id=\"emphasized-text\">Jezero v osrednji Bosni in Hercegovini je srbska princesa opisala kot &#8220;\u010darobno zeleno oazo&#8221;, za katero komaj \u010daka, da se vrne vanjo.<\/strong> <\/p>\n<p>\u201cMed najinim obiskom v Republiki Srbski sva ve\u010dino \u010dasa pre\u017eivela ob jezeru \u010disto blizu Mrkonji\u0107 Grada. Nestrpno \u010dakava, da se bova vrnila v to \u010darobno zeleno oazo,\u201d je Danica Kara\u0111or\u0111evi\u0107, soproga srbskega princa Filipa, napisala na Instagramu, poro\u010da portal nova.rs.<\/p>\n<section data-role=\"embed-wrapper\">\n<\/section>\n<section class=\"uc-block-post-grid in-post-related-news\" data-attribute-id=\"related-news\">\n<div class=\"uc-post-grid-items is-list\">\n<article id=\"post-5879677\" class=\"uc-post-grid-item post-5879677 post type-post status-publish format-standard hentry category-magazin category-svet tag-asteroid tag-astronomija tag-bennu tag-nasa tag-trcenje-z-asteroidom tag-vesolje\" number_of_comments=\"6\" title=\"Nasa izra\u010dunala, kdaj nas bo zadel asteroid z mo\u010djo 22 atomskih bomb\" slug=\"nasa-izracunala-kdaj-nas-bo-zadel-asteroid-z-mocjo-22-atomskih-bomb\" thumbnail=\"no data\" category=\"Magazin\" categoryid=\"93\" link=\"https:\/\/n1info.si\/magazin\/nasa-izracunala-kdaj-nas-bo-zadel-asteroid-z-mocjo-22-atomskih-bomb\/\" featured_video=\"no data\" date=\"23. Sep 2023\" data-attribute-id=\"related-news-post-5879677\">\n<div class=\"uc-block-post-grid-image\">\n                            <a href=\"https:\/\/n1info.si\/magazin\/nasa-izracunala-kdaj-nas-bo-zadel-asteroid-z-mocjo-22-atomskih-bomb\/\"><img loading=\"lazy\" width=\"175\" height=\"117\" src=\"https:\/\/n1info.si\/wp-content\/uploads\/2023\/09\/23\/1695467048-profimedia-0603825406-175x117.jpg\" class=\"attachment-featured-block-small size-featured-block-small\" alt=\"asteroid Bennu\" data-attribute-id=\"related-news-post-image-5879677\" decoding=\"async\" srcset=\"https:\/\/n1info.si\/wp-content\/uploads\/2023\/09\/23\/1695467048-profimedia-0603825406-175x117.jpg 175w, https:\/\/n1info.si\/wp-content\/uploads\/2023\/09\/23\/1695467048-profimedia-0603825406-750x500.jpg 750w, https:\/\/n1info.si\/wp-content\/uploads\/2023\/09\/23\/1695467048-profimedia-0603825406-1200x800.jpg 1200w, https:\/\/n1info.si\/wp-content\/uploads\/2023\/09\/23\/1695467048-profimedia-0603825406-220x147.jpg 220w, https:\/\/n1info.si\/wp-content\/uploads\/2023\/09\/23\/1695467048-profimedia-0603825406-330x220.jpg 330w, https:\/\/n1info.si\/wp-content\/uploads\/2023\/09\/23\/1695467048-profimedia-0603825406-550x366.jpg 550w\" sizes=\"auto, (max-width: 175px) 100vw, 175px\"\/><\/a><br \/>\n             &#8230;<\/div>\n<\/article>\n<\/div>\n<\/section>\n<\/div>\n<\/div>\n<p><br \/>\n<br \/><a href=\"https:\/\/n1info.si\/magazin\/potovanja\/cudovito-jezero-ob-katerem-dopustujeta-princ-in-princesa-karadordevic\/\">Vir<\/a><\/p>\n","protected":false},"excerpt":{"rendered":"<p>Jezero v osrednji Bosni in Hercegovini je srbska princesa opisala kot &#8220;\u010darobno zeleno oazo&#8221;, za katero komaj \u010daka, da se vrne vanjo. \u201cMed najinim obiskom v Republiki Srbski sva ve\u010dino \u010dasa pre\u017eivela ob jezeru \u010disto blizu Mrkonji\u0107 Grada. Nestrpno \u010dakava, da se bova vrnila v to \u010darobno zeleno oazo,\u201d je Danica Kara\u0111or\u0111evi\u0107, soproga srbskega princa [&hellip;]<\/p>\n","protected":false},"author":1,"featured_media":0,"comment_status":"open","ping_status":"open","sticky":false,"template":"","format":"standard","meta":{"footnotes":""},"categories":[113,121],"tags":[],"class_list":{"0":"post-1867","1":"post","2":"type-post","3":"status-publish","4":"format-standard","6":"category-bosnia-herzegovina-sl","7":"category-travel-sl"},"_links":{"self":[{"href":"https:\/\/adriatictimes.com\/sl\/wp-json\/wp\/v2\/posts\/1867","targetHints":{"allow":["GET"]}}],"collection":[{"href":"https:\/\/adriatictimes.com\/sl\/wp-json\/wp\/v2\/posts"}],"about":[{"href":"https:\/\/adriatictimes.com\/sl\/wp-json\/wp\/v2\/types\/post"}],"author":[{"embeddable":true,"href":"https:\/\/adriatictimes.com\/sl\/wp-json\/wp\/v2\/users\/1"}],"replies":[{"embeddable":true,"href":"https:\/\/adriatictimes.com\/sl\/wp-json\/wp\/v2\/comments?post=1867"}],"version-history":[{"count":0,"href":"https:\/\/adriatictimes.com\/sl\/wp-json\/wp\/v2\/posts\/1867\/revisions"}],"wp:attachment":[{"href":"https:\/\/adriatictimes.com\/sl\/wp-json\/wp\/v2\/media?parent=1867"}],"wp:term":[{"taxonomy":"category","embeddable":true,"href":"https:\/\/adriatictimes.com\/sl\/wp-json\/wp\/v2\/categories?post=1867"},{"taxonomy":"post_tag","embeddable":true,"href":"https:\/\/adriatictimes.com\/sl\/wp-json\/wp\/v2\/tags?post=1867"}],"curies":[{"name":"wp","href":"https:\/\/api.w.org\/{rel}","templated":true}]}}