{"id":1868,"date":"2024-07-08T11:09:40","date_gmt":"2024-07-08T11:09:40","guid":{"rendered":"https:\/\/adriatictimes.com\/odstranjevanje-ograje-na-meji-bo-minis-ob-sedemmilijonski-posel\/"},"modified":"2024-07-08T11:09:40","modified_gmt":"2024-07-08T11:09:40","slug":"odstranjevanje-ograje-na-meji-bo-minis-ob-sedemmilijonski-posel","status":"publish","type":"post","link":"https:\/\/adriatictimes.com\/sl\/odstranjevanje-ograje-na-meji-bo-minis-ob-sedemmilijonski-posel\/","title":{"rendered":"Odstranjevanje ograje na meji: Bo Minis ob sedemmilijonski posel?"},"content":{"rendered":"<p> <br \/>\n<\/p>\n<div>\n<p>                <!-- Featured IMAGE --><\/p>\n<p>        <!-- End Featured IMAGE --><\/p>\n<p><strong data-attribute-id=\"emphasized-text\">Revizija razpisa za izbiro ponudnika za odstranjevanje ograje na slovensko-hrva\u0161ki meji naj bi pokazala na dolo\u010dena tveganja, poro\u010da portal 24ur. Notranji minister Bo\u0161tjan Poklukar si je menda zato dan pred iztekom roka za podpis pogodbe z \u017ealskim podjetjem Minis premislil, in pogodbe za posel, vreden sedem milijonov, ne podpisal. &#8220;O\u010ditki so sme\u0161ni in ne morejo prepre\u010diti posla,&#8221; pa odgovarjajo v podjetju Minis.<\/strong> <\/p>\n<p>\u0160e pred slabim mesecem dni je notranje ministrstvo trdilo, da je bila izbira podjetja Minis za&#8230;<\/p>\n<\/div>\n<p><br \/>\n<br \/><a href=\"https:\/\/n1info.si\/novice\/slovenija\/odstranjevanje-ograje-na-meji-bo-minis-ob-sedem-milijonski-posel\/\">Vir<\/a><\/p>\n","protected":false},"excerpt":{"rendered":"<p>Revizija razpisa za izbiro ponudnika za odstranjevanje ograje na slovensko-hrva\u0161ki meji naj bi pokazala na dolo\u010dena tveganja, poro\u010da portal 24ur. Notranji minister Bo\u0161tjan Poklukar si je menda zato dan pred iztekom roka za podpis pogodbe z \u017ealskim podjetjem Minis premislil, in pogodbe za posel, vreden sedem milijonov, ne podpisal. &#8220;O\u010ditki so sme\u0161ni in ne morejo [&hellip;]<\/p>\n","protected":false},"author":1,"featured_media":0,"comment_status":"open","ping_status":"open","sticky":false,"template":"","format":"standard","meta":{"footnotes":""},"categories":[113,114],"tags":[],"class_list":{"0":"post-1868","1":"post","2":"type-post","3":"status-publish","4":"format-standard","6":"category-bosnia-herzegovina-sl","7":"category-business-sl"},"_links":{"self":[{"href":"https:\/\/adriatictimes.com\/sl\/wp-json\/wp\/v2\/posts\/1868","targetHints":{"allow":["GET"]}}],"collection":[{"href":"https:\/\/adriatictimes.com\/sl\/wp-json\/wp\/v2\/posts"}],"about":[{"href":"https:\/\/adriatictimes.com\/sl\/wp-json\/wp\/v2\/types\/post"}],"author":[{"embeddable":true,"href":"https:\/\/adriatictimes.com\/sl\/wp-json\/wp\/v2\/users\/1"}],"replies":[{"embeddable":true,"href":"https:\/\/adriatictimes.com\/sl\/wp-json\/wp\/v2\/comments?post=1868"}],"version-history":[{"count":0,"href":"https:\/\/adriatictimes.com\/sl\/wp-json\/wp\/v2\/posts\/1868\/revisions"}],"wp:attachment":[{"href":"https:\/\/adriatictimes.com\/sl\/wp-json\/wp\/v2\/media?parent=1868"}],"wp:term":[{"taxonomy":"category","embeddable":true,"href":"https:\/\/adriatictimes.com\/sl\/wp-json\/wp\/v2\/categories?post=1868"},{"taxonomy":"post_tag","embeddable":true,"href":"https:\/\/adriatictimes.com\/sl\/wp-json\/wp\/v2\/tags?post=1868"}],"curies":[{"name":"wp","href":"https:\/\/api.w.org\/{rel}","templated":true}]}}