{"id":1436,"date":"2024-07-07T16:37:00","date_gmt":"2024-07-07T16:37:00","guid":{"rendered":"https:\/\/adriatictimes.com\/kroz-strategije-i-programe-do-unapredjenja-digitalnih-vjestina-gradjana\/"},"modified":"2024-07-07T16:37:00","modified_gmt":"2024-07-07T16:37:00","slug":"kroz-strategije-i-programe-do-unapredjenja-digitalnih-vjestina-gradjana","status":"publish","type":"post","link":"https:\/\/adriatictimes.com\/sr\/kroz-strategije-i-programe-do-unapredjenja-digitalnih-vjestina-gradjana\/","title":{"rendered":"Kroz strategije i programe do unapre\u0111enja digitalnih vje\u0161tina gra\u0111ana"},"content":{"rendered":"<p> <br \/>\n<\/p>\n<div>\n<p>Podgorica, \u017deneva, (MINA-BUSINESS) \u2013 Crna Gora mo\u017ee usvojiti strategije i programe koji su se pokazali uspje\u0161nim u drugim zemljama za unapre\u0111enje digitalnih vje\u0161tina gra\u0111ana, \u0161to je klju\u010dno za inkluzivnu digitalnu buduc\u0301nost, saop\u0161tio je ministar javne uprave, Marash Dukaj.<\/p>\n<p>Dukaj je, na ministarskom okruglom stolu na Svjetskom samitu o informacionom dru\u0161tvu (WSIS)+20 Forum u \u017denevi, kazao da WSIS mo\u017ee zna\u010dajno doprinijeti buduc\u0301em samitu i globalnom digitalnom sporazumu u promovisanju inkluzivne i otporne digitalne buduc\u0301nosti u Crnoj Gori, kroz razmjenu najboljih praksi&#8230;<\/p>\n<\/div>\n<p><br \/>\n<br \/><a href=\"https:\/\/mina.news\/mina-business-ekonomske-vijesti-iz-crne-gore\/kroz-strategije-i-programe-do-unapredenja-digitalnih-vjestina-gradana\/\">\u0418\u0437\u0432\u043e\u0440<\/a><\/p>\n","protected":false},"excerpt":{"rendered":"<p>Podgorica, \u017deneva, (MINA-BUSINESS) \u2013 Crna Gora mo\u017ee usvojiti strategije i programe koji su se pokazali uspje\u0161nim u drugim zemljama za unapre\u0111enje digitalnih vje\u0161tina gra\u0111ana, \u0161to je klju\u010dno za inkluzivnu digitalnu buduc\u0301nost, saop\u0161tio je ministar javne uprave, Marash Dukaj. Dukaj je, na ministarskom okruglom stolu na Svjetskom samitu o informacionom dru\u0161tvu (WSIS)+20 Forum u \u017denevi, kazao [&hellip;]<\/p>\n","protected":false},"author":1,"featured_media":0,"comment_status":"open","ping_status":"open","sticky":false,"template":"","format":"standard","meta":{"footnotes":""},"categories":[107,105],"tags":[],"class_list":{"0":"post-1436","1":"post","2":"type-post","3":"status-publish","4":"format-standard","6":"category-technology-sr","7":"category-montenegro-sr"},"_links":{"self":[{"href":"https:\/\/adriatictimes.com\/sr\/wp-json\/wp\/v2\/posts\/1436","targetHints":{"allow":["GET"]}}],"collection":[{"href":"https:\/\/adriatictimes.com\/sr\/wp-json\/wp\/v2\/posts"}],"about":[{"href":"https:\/\/adriatictimes.com\/sr\/wp-json\/wp\/v2\/types\/post"}],"author":[{"embeddable":true,"href":"https:\/\/adriatictimes.com\/sr\/wp-json\/wp\/v2\/users\/1"}],"replies":[{"embeddable":true,"href":"https:\/\/adriatictimes.com\/sr\/wp-json\/wp\/v2\/comments?post=1436"}],"version-history":[{"count":0,"href":"https:\/\/adriatictimes.com\/sr\/wp-json\/wp\/v2\/posts\/1436\/revisions"}],"wp:attachment":[{"href":"https:\/\/adriatictimes.com\/sr\/wp-json\/wp\/v2\/media?parent=1436"}],"wp:term":[{"taxonomy":"category","embeddable":true,"href":"https:\/\/adriatictimes.com\/sr\/wp-json\/wp\/v2\/categories?post=1436"},{"taxonomy":"post_tag","embeddable":true,"href":"https:\/\/adriatictimes.com\/sr\/wp-json\/wp\/v2\/tags?post=1436"}],"curies":[{"name":"wp","href":"https:\/\/api.w.org\/{rel}","templated":true}]}}