{"id":1437,"date":"2024-07-07T16:37:01","date_gmt":"2024-07-07T16:37:01","guid":{"rendered":"https:\/\/adriatictimes.com\/crna-gora-radi-prljavi-posao-za-vucica\/"},"modified":"2024-07-07T16:37:01","modified_gmt":"2024-07-07T16:37:01","slug":"crna-gora-radi-prljavi-posao-za-vucica","status":"publish","type":"post","link":"https:\/\/adriatictimes.com\/sr\/crna-gora-radi-prljavi-posao-za-vucica\/","title":{"rendered":"Crna Gora radi prljavi POSAO za Vu\u010di\u0107a"},"content":{"rendered":"<p> <br \/>\n<\/p>\n<div wp_automatic_readability=\"65\">\n<p style=\"text-align: justify;\">Opozicioni hrvatski parlamentarci istakli su danas kako razlog za izglasavanje rezolucije o Jasenovcu u crnogorskom parlamentu nije bila osuda zlo\u010dina iz Drugog svjetskog rata ve\u0107 se radilo o &#8220;odra\u0111ivanju posla za Aleksandra Vu\u010di\u0107a.&#8220;<\/p>\n<p><img decoding=\"async\" src=\"https:\/\/kolektiv.me\/cache\/images\/07-07-2024\/743-418-6683e89896b5a.jpg\" alt=\"\"\/><\/p>\n<p style=\"text-align: justify;\"><em>Foto: Ilustracija\/Pixabay.com\u00a0<\/em><\/p>\n<p style=\"text-align: justify;\"><strong>&#8222;Potpuno je jasno da ona nije donesena zbog osude zlo\u010dina, jer bi se onda \u010detni\u010dki vojvoda na \u010delu crnogorskog parlamenta sjetio zlo\u010dina koji su Italijani po\u010dinili na tlu Crne Gore 1941.godine ili zlo\u010dina koji su na tlu Crne Gore po\u010dinili \u010detnici&#8230;<\/strong><\/p>\n<\/div>\n<p><br \/>\n<br \/><a href=\"https:\/\/kolektiv.me\/252969\/reakcije-iz-hrvatskog-parlamenta-crna-gora-radi-prljavi-posao-za-vucica\">\u0418\u0437\u0432\u043e\u0440<\/a><\/p>\n","protected":false},"excerpt":{"rendered":"<p>Opozicioni hrvatski parlamentarci istakli su danas kako razlog za izglasavanje rezolucije o Jasenovcu u crnogorskom parlamentu nije bila osuda zlo\u010dina iz Drugog svjetskog rata ve\u0107 se radilo o &#8220;odra\u0111ivanju posla za Aleksandra Vu\u010di\u0107a.&#8220; Foto: Ilustracija\/Pixabay.com\u00a0 &#8222;Potpuno je jasno da ona nije donesena zbog osude zlo\u010dina, jer bi se onda \u010detni\u010dki vojvoda na \u010delu crnogorskog parlamenta [&hellip;]<\/p>\n","protected":false},"author":1,"featured_media":0,"comment_status":"open","ping_status":"open","sticky":false,"template":"","format":"standard","meta":{"footnotes":""},"categories":[101,105],"tags":[],"class_list":{"0":"post-1437","1":"post","2":"type-post","3":"status-publish","4":"format-standard","6":"category-business-sr","7":"category-montenegro-sr"},"_links":{"self":[{"href":"https:\/\/adriatictimes.com\/sr\/wp-json\/wp\/v2\/posts\/1437","targetHints":{"allow":["GET"]}}],"collection":[{"href":"https:\/\/adriatictimes.com\/sr\/wp-json\/wp\/v2\/posts"}],"about":[{"href":"https:\/\/adriatictimes.com\/sr\/wp-json\/wp\/v2\/types\/post"}],"author":[{"embeddable":true,"href":"https:\/\/adriatictimes.com\/sr\/wp-json\/wp\/v2\/users\/1"}],"replies":[{"embeddable":true,"href":"https:\/\/adriatictimes.com\/sr\/wp-json\/wp\/v2\/comments?post=1437"}],"version-history":[{"count":0,"href":"https:\/\/adriatictimes.com\/sr\/wp-json\/wp\/v2\/posts\/1437\/revisions"}],"wp:attachment":[{"href":"https:\/\/adriatictimes.com\/sr\/wp-json\/wp\/v2\/media?parent=1437"}],"wp:term":[{"taxonomy":"category","embeddable":true,"href":"https:\/\/adriatictimes.com\/sr\/wp-json\/wp\/v2\/categories?post=1437"},{"taxonomy":"post_tag","embeddable":true,"href":"https:\/\/adriatictimes.com\/sr\/wp-json\/wp\/v2\/tags?post=1437"}],"curies":[{"name":"wp","href":"https:\/\/api.w.org\/{rel}","templated":true}]}}