{"id":1440,"date":"2024-07-07T16:37:05","date_gmt":"2024-07-07T16:37:05","guid":{"rendered":"https:\/\/adriatictimes.com\/crna-gora-odradjuje-posao-za-drugoga-a-svi-znamo-i-za-koga\/"},"modified":"2024-07-07T16:37:05","modified_gmt":"2024-07-07T16:37:05","slug":"crna-gora-odradjuje-posao-za-drugoga-a-svi-znamo-i-za-koga","status":"publish","type":"post","link":"https:\/\/adriatictimes.com\/sr\/crna-gora-odradjuje-posao-za-drugoga-a-svi-znamo-i-za-koga\/","title":{"rendered":"Crna Gora odra\u0111uje posao za drugoga, a svi znamo i za koga"},"content":{"rendered":"<p> <br \/>\n<\/p>\n<div id=\"article-body\">\n<p>Crnogorski parlament usvojio je u petak rezoluciju o genocidu u logorima Jasenovac, Dachau i Mauthausen. U korist usvajanja rezolucije glasao je 41 zastupnik vladaju\u0107e koalicije, od ukupno 81 poslanika u parlamentu, jedan je poslanik bio protiv, a opozicioni poslanici napustili su dvoranu.<\/p>\n<p>\u201eHrvatska je Crnoj Gori poslala notu i saop\u0161tenje te kao \u010dlanica EU-a i NATO-a ima na raspolaganju sve mehanizme, a jo\u0161 raspravljamo s premijerom kako postupiti\u201c, rekao je Grli\u0107 Radman uo\u010di sjednice Predsjedni\u0161tva HDZ-a u Zagrebu, govore\u0107i o odgovoru na rezoluciju koju je Skup\u0161tina Crne Gore&#8230;<\/p>\n<\/div>\n<p><br \/>\n<br \/><a href=\"https:\/\/www.portalanalitika.me\/clanak\/grlic-radman-o-rezoluciji-crna-gora-odraduje-posao-za-drugoga-a-svi-znamo-i-za-koga\">\u0418\u0437\u0432\u043e\u0440<\/a><\/p>\n","protected":false},"excerpt":{"rendered":"<p>Crnogorski parlament usvojio je u petak rezoluciju o genocidu u logorima Jasenovac, Dachau i Mauthausen. U korist usvajanja rezolucije glasao je 41 zastupnik vladaju\u0107e koalicije, od ukupno 81 poslanika u parlamentu, jedan je poslanik bio protiv, a opozicioni poslanici napustili su dvoranu. \u201eHrvatska je Crnoj Gori poslala notu i saop\u0161tenje te kao \u010dlanica EU-a i [&hellip;]<\/p>\n","protected":false},"author":1,"featured_media":0,"comment_status":"open","ping_status":"open","sticky":false,"template":"","format":"standard","meta":{"footnotes":""},"categories":[101,105],"tags":[],"class_list":{"0":"post-1440","1":"post","2":"type-post","3":"status-publish","4":"format-standard","6":"category-business-sr","7":"category-montenegro-sr"},"_links":{"self":[{"href":"https:\/\/adriatictimes.com\/sr\/wp-json\/wp\/v2\/posts\/1440","targetHints":{"allow":["GET"]}}],"collection":[{"href":"https:\/\/adriatictimes.com\/sr\/wp-json\/wp\/v2\/posts"}],"about":[{"href":"https:\/\/adriatictimes.com\/sr\/wp-json\/wp\/v2\/types\/post"}],"author":[{"embeddable":true,"href":"https:\/\/adriatictimes.com\/sr\/wp-json\/wp\/v2\/users\/1"}],"replies":[{"embeddable":true,"href":"https:\/\/adriatictimes.com\/sr\/wp-json\/wp\/v2\/comments?post=1440"}],"version-history":[{"count":0,"href":"https:\/\/adriatictimes.com\/sr\/wp-json\/wp\/v2\/posts\/1440\/revisions"}],"wp:attachment":[{"href":"https:\/\/adriatictimes.com\/sr\/wp-json\/wp\/v2\/media?parent=1440"}],"wp:term":[{"taxonomy":"category","embeddable":true,"href":"https:\/\/adriatictimes.com\/sr\/wp-json\/wp\/v2\/categories?post=1440"},{"taxonomy":"post_tag","embeddable":true,"href":"https:\/\/adriatictimes.com\/sr\/wp-json\/wp\/v2\/tags?post=1440"}],"curies":[{"name":"wp","href":"https:\/\/api.w.org\/{rel}","templated":true}]}}