{"id":1441,"date":"2024-07-07T16:37:05","date_gmt":"2024-07-07T16:37:05","guid":{"rendered":"https:\/\/adriatictimes.com\/spajic-je-meni-i-mandicu-obecao-da-ce-crna-gora-biti-uzdrzana\/"},"modified":"2024-07-07T16:37:05","modified_gmt":"2024-07-07T16:37:05","slug":"spajic-je-meni-i-mandicu-obecao-da-ce-crna-gora-biti-uzdrzana","status":"publish","type":"post","link":"https:\/\/adriatictimes.com\/sr\/spajic-je-meni-i-mandicu-obecao-da-ce-crna-gora-biti-uzdrzana\/","title":{"rendered":"Spaji\u0107 je meni i Mandi\u0107u obe\u0107ao da \u0107e Crna Gora biti uzdr\u017eana"},"content":{"rendered":"<p> <br \/>\n<\/p>\n<div itemprop=\"articleBody\" style=\"\">\n<p itemprop=\"description\">PODGORICA &#8211; Premijer Milojko Spaji\u0107 obe\u0107ao je meni i Andriji Mandi\u0107u da \u0107e Crna Gora biti uzdr\u017eana povodom Rezolucije o Srebrenici u Ujedinjenim nacijama&#8220;, izjavio je lider DNP-a Milan Kne\u017eevi\u0107.<\/p>\n<p>On je rekao da je tokom istorije Bugarska izdala Srbiju vi\u0161e puta, a naro\u010dito 1915. godine.<\/p>\n<p>\u201cA mi smo toliko puta izdali Srbiju da istra\u017eujem jesmo li i mi Bugari. Ovo \u0161to su uradili, ovo nije Crna Gora, ovo je bugarski Montenegro&#8220;, rekao je Kne\u017eevi\u0107.<\/p>\n<p>On ka\u017ee da oni koji su glasali za Rezoluciju o Srebrenici tvrde da ona slu\u017ei za pomirenje.<\/p>\n<p>&#8222;Pa sada vidimo niko ni sa kim ne&#8230;<\/p>\n<\/div>\n<p><br \/>\n<br \/><a href=\"https:\/\/www.nezavisne.com\/novosti\/ex-yu\/Knezevic-Spajic-je-meni-i-Mandicu-obecao-da-ce-Crna-Gora-biti-uzdrzana\/836611\">\u0418\u0437\u0432\u043e\u0440<\/a><\/p>\n","protected":false},"excerpt":{"rendered":"<p>PODGORICA &#8211; Premijer Milojko Spaji\u0107 obe\u0107ao je meni i Andriji Mandi\u0107u da \u0107e Crna Gora biti uzdr\u017eana povodom Rezolucije o Srebrenici u Ujedinjenim nacijama&#8220;, izjavio je lider DNP-a Milan Kne\u017eevi\u0107. On je rekao da je tokom istorije Bugarska izdala Srbiju vi\u0161e puta, a naro\u010dito 1915. godine. \u201cA mi smo toliko puta izdali Srbiju da istra\u017eujem [&hellip;]<\/p>\n","protected":false},"author":1,"featured_media":0,"comment_status":"open","ping_status":"open","sticky":false,"template":"","format":"standard","meta":{"footnotes":""},"categories":[107,105],"tags":[],"class_list":{"0":"post-1441","1":"post","2":"type-post","3":"status-publish","4":"format-standard","6":"category-technology-sr","7":"category-montenegro-sr"},"_links":{"self":[{"href":"https:\/\/adriatictimes.com\/sr\/wp-json\/wp\/v2\/posts\/1441","targetHints":{"allow":["GET"]}}],"collection":[{"href":"https:\/\/adriatictimes.com\/sr\/wp-json\/wp\/v2\/posts"}],"about":[{"href":"https:\/\/adriatictimes.com\/sr\/wp-json\/wp\/v2\/types\/post"}],"author":[{"embeddable":true,"href":"https:\/\/adriatictimes.com\/sr\/wp-json\/wp\/v2\/users\/1"}],"replies":[{"embeddable":true,"href":"https:\/\/adriatictimes.com\/sr\/wp-json\/wp\/v2\/comments?post=1441"}],"version-history":[{"count":0,"href":"https:\/\/adriatictimes.com\/sr\/wp-json\/wp\/v2\/posts\/1441\/revisions"}],"wp:attachment":[{"href":"https:\/\/adriatictimes.com\/sr\/wp-json\/wp\/v2\/media?parent=1441"}],"wp:term":[{"taxonomy":"category","embeddable":true,"href":"https:\/\/adriatictimes.com\/sr\/wp-json\/wp\/v2\/categories?post=1441"},{"taxonomy":"post_tag","embeddable":true,"href":"https:\/\/adriatictimes.com\/sr\/wp-json\/wp\/v2\/tags?post=1441"}],"curies":[{"name":"wp","href":"https:\/\/api.w.org\/{rel}","templated":true}]}}