{"id":1443,"date":"2024-07-07T16:37:08","date_gmt":"2024-07-07T16:37:08","guid":{"rendered":"https:\/\/adriatictimes.com\/crna-gora-namjerava-da-postane-dio-globalnog-napretka-u-upravljanju-vjestackom-inteligencijom\/"},"modified":"2024-07-07T16:37:08","modified_gmt":"2024-07-07T16:37:08","slug":"crna-gora-namjerava-da-postane-dio-globalnog-napretka-u-upravljanju-vjestackom-inteligencijom","status":"publish","type":"post","link":"https:\/\/adriatictimes.com\/sr\/crna-gora-namjerava-da-postane-dio-globalnog-napretka-u-upravljanju-vjestackom-inteligencijom\/","title":{"rendered":"Crna Gora namjerava da postane dio globalnog napretka u upravljanju vje\u0161ta\u010dkom inteligencijom"},"content":{"rendered":"<p> <br \/>\n<\/p>\n<div>\n<p>Crna Gora namjerava da postane dio globalnog napretka u upravljanju vje\u0161ta\u010dkom inteligencijom (AI), saop\u0161tio je ministar javne uprave, Marash Dukaj.<\/p>\n<p>\u201eGlobalni trend predvi\u0111a da \u0107e vje\u0161ta\u010dka inteligencija pobolj\u0161ati mnoge aspekte na\u0161ih \u017eivota, uklju\u010duju\u0107i zdravstvo, transport, obrazovanje i druge sektore, koji \u0107e doprinijeti razvoju efikasnije javne administracije\u201c, rekao je Dukaj na Svjetskom samitu o informacionom dru\u0161tvu WSIS+20 Forum u \u017denevi.<\/p>\n<p>On je u\u010destvovao na sesiji Razgovori lidera Obezbje\u0111ivanje digitalnog prostora: Strategije saradnje za&#8230;<\/p>\n<\/div>\n<p><br \/>\n<br \/><a href=\"https:\/\/www.vijesti.me\/amp\/709041\/dukaj-crna-gora-namjerava-da-postane-dio-globalnog-napretka-u-upravljanju-vjestackom-inteligencijom\">\u0418\u0437\u0432\u043e\u0440<\/a><\/p>\n","protected":false},"excerpt":{"rendered":"<p>Crna Gora namjerava da postane dio globalnog napretka u upravljanju vje\u0161ta\u010dkom inteligencijom (AI), saop\u0161tio je ministar javne uprave, Marash Dukaj. \u201eGlobalni trend predvi\u0111a da \u0107e vje\u0161ta\u010dka inteligencija pobolj\u0161ati mnoge aspekte na\u0161ih \u017eivota, uklju\u010duju\u0107i zdravstvo, transport, obrazovanje i druge sektore, koji \u0107e doprinijeti razvoju efikasnije javne administracije\u201c, rekao je Dukaj na Svjetskom samitu o informacionom dru\u0161tvu [&hellip;]<\/p>\n","protected":false},"author":1,"featured_media":0,"comment_status":"open","ping_status":"open","sticky":false,"template":"","format":"standard","meta":{"footnotes":""},"categories":[107,105],"tags":[],"class_list":{"0":"post-1443","1":"post","2":"type-post","3":"status-publish","4":"format-standard","6":"category-technology-sr","7":"category-montenegro-sr"},"_links":{"self":[{"href":"https:\/\/adriatictimes.com\/sr\/wp-json\/wp\/v2\/posts\/1443","targetHints":{"allow":["GET"]}}],"collection":[{"href":"https:\/\/adriatictimes.com\/sr\/wp-json\/wp\/v2\/posts"}],"about":[{"href":"https:\/\/adriatictimes.com\/sr\/wp-json\/wp\/v2\/types\/post"}],"author":[{"embeddable":true,"href":"https:\/\/adriatictimes.com\/sr\/wp-json\/wp\/v2\/users\/1"}],"replies":[{"embeddable":true,"href":"https:\/\/adriatictimes.com\/sr\/wp-json\/wp\/v2\/comments?post=1443"}],"version-history":[{"count":0,"href":"https:\/\/adriatictimes.com\/sr\/wp-json\/wp\/v2\/posts\/1443\/revisions"}],"wp:attachment":[{"href":"https:\/\/adriatictimes.com\/sr\/wp-json\/wp\/v2\/media?parent=1443"}],"wp:term":[{"taxonomy":"category","embeddable":true,"href":"https:\/\/adriatictimes.com\/sr\/wp-json\/wp\/v2\/categories?post=1443"},{"taxonomy":"post_tag","embeddable":true,"href":"https:\/\/adriatictimes.com\/sr\/wp-json\/wp\/v2\/tags?post=1443"}],"curies":[{"name":"wp","href":"https:\/\/api.w.org\/{rel}","templated":true}]}}