{"id":1444,"date":"2024-07-07T16:37:08","date_gmt":"2024-07-07T16:37:08","guid":{"rendered":"https:\/\/adriatictimes.com\/jogi-ferel-ima-nedovrseni-posao-ostaje-u-buducnosti\/"},"modified":"2024-07-07T16:37:08","modified_gmt":"2024-07-07T16:37:08","slug":"jogi-ferel-ima-nedovrseni-posao-ostaje-u-buducnosti","status":"publish","type":"post","link":"https:\/\/adriatictimes.com\/sr\/jogi-ferel-ima-nedovrseni-posao-ostaje-u-buducnosti\/","title":{"rendered":"JOGI FEREL IMA NEDOVR\u0160ENI POSAO: Ostaje u Budu\u0107nosti"},"content":{"rendered":"<p> <br \/>\n<\/p>\n<div id=\"post-355805\">\n<h5> PREPORUKA SPORT <\/h5>\n<p class=\"postmeta\"><span class=\"meta_date\">8.06.2024. u 20:31<\/span><\/p>\n<div id=\"attachment_355808\" style=\"width: 510px\" class=\"wp-caption alignnone\"><img decoding=\"async\" aria-describedby=\"caption-attachment-355808\" data-attachment-id=\"355808\" data-permalink=\"https:\/\/mnemagazin.me\/2024\/06\/08\/jogi-ferel-ima-nedovrseni-posao-ostaje-u-buducnosti\/cover-4\/\" data-orig-file=\"https:\/\/i2.wp.com\/mnemagazin.me\/wp-content\/uploads\/2024\/06\/cover.jpg?fit=1024%2C1356&amp;ssl=1\" data-orig-size=\"1024,1356\" data-comments-opened=\"0\" data-image-meta=\"{&quot;aperture&quot;:&quot;0&quot;,&quot;credit&quot;:&quot;&quot;,&quot;camera&quot;:&quot;&quot;,&quot;caption&quot;:&quot;&quot;,&quot;created_timestamp&quot;:&quot;0&quot;,&quot;copyright&quot;:&quot;&quot;,&quot;focal_length&quot;:&quot;0&quot;,&quot;iso&quot;:&quot;0&quot;,&quot;shutter_speed&quot;:&quot;0&quot;,&quot;title&quot;:&quot;&quot;,&quot;orientation&quot;:&quot;1&quot;}\" data-image-title=\"cover\" data-image-description=\"\" data-medium-file=\"https:\/\/i2.wp.com\/mnemagazin.me\/wp-content\/uploads\/2024\/06\/cover.jpg?fit=500%2C662&amp;ssl=1\" data-large-file=\"https:\/\/i2.wp.com\/mnemagazin.me\/wp-content\/uploads\/2024\/06\/cover.jpg?fit=773%2C1024&amp;ssl=1\" loading=\"lazy\" class=\"size-medium wp-image-355808\" src=\"https:\/\/i2.wp.com\/mnemagazin.me\/wp-content\/uploads\/2024\/06\/cover.jpg?resize=500%2C662&amp;ssl=1\" alt=\"\" width=\"500\" height=\"662\" srcset=\"https:\/\/i2.wp.com\/mnemagazin.me\/wp-content\/uploads\/2024\/06\/cover.jpg?resize=500%2C662&amp;ssl=1 500w, https:\/\/i2.wp.com\/mnemagazin.me\/wp-content\/uploads\/2024\/06\/cover.jpg?resize=773%2C1024&amp;ssl=1 773w, https:\/\/i2.wp.com\/mnemagazin.me\/wp-content\/uploads\/2024\/06\/cover.jpg?resize=768%2C1017&amp;ssl=1 768w, https:\/\/i2.wp.com\/mnemagazin.me\/wp-content\/uploads\/2024\/06\/cover.jpg?w=1024&amp;ssl=1 1024w\" sizes=\"auto, (max-width: 500px) 100vw, 500px\" data-recalc-dims=\"1\"\/><\/p>\n<p id=\"caption-attachment-355808\" class=\"wp-caption-text\">Foto: KK Buducnost<\/p>\n<\/div>\n<p>Sjajne vijesti za sve na\u0161e navija\u010de i cijeli tim Budu\u0107nosti \u2013 Jogi Ferel \u0107e i naredne sezone biti dio \u201cplavo-bijele\u201d porodice, poru\u010duju iz KK Budu\u0107nosti.<\/p>\n<p>\u2013 Momak iz Indijane koji je odmah kupio srca svih na\u0161ih navija\u010da, vi\u0161e puta je pro\u0161le sezone pokazao koliko je njegovo zalaganje na parketu. \u010cak i nakon velike porodi\u010dne tragedije i smrti oca, vratio se u Podgoricu i ve\u0107 na idu\u0107em me\u010du bio najbolji na parketu. Ostaje \u017eal zbog velike nepravde u majstorici polufinala ABA lige, kada je nepravedno isklju\u010den,&#8230;<\/p>\n<\/div>\n<p><br \/>\n<br \/><a href=\"https:\/\/mnemagazin.me\/2024\/06\/08\/jogi-ferel-ima-nedovrseni-posao-ostaje-u-buducnosti\/\">\u0418\u0437\u0432\u043e\u0440<\/a><\/p>\n","protected":false},"excerpt":{"rendered":"<p>PREPORUKA SPORT 8.06.2024. u 20:31 Foto: KK Buducnost Sjajne vijesti za sve na\u0161e navija\u010de i cijeli tim Budu\u0107nosti \u2013 Jogi Ferel \u0107e i naredne sezone biti dio \u201cplavo-bijele\u201d porodice, poru\u010duju iz KK Budu\u0107nosti. \u2013 Momak iz Indijane koji je odmah kupio srca svih na\u0161ih navija\u010da, vi\u0161e puta je pro\u0161le sezone pokazao koliko je njegovo zalaganje [&hellip;]<\/p>\n","protected":false},"author":1,"featured_media":0,"comment_status":"open","ping_status":"open","sticky":false,"template":"","format":"standard","meta":{"footnotes":""},"categories":[101,105],"tags":[],"class_list":{"0":"post-1444","1":"post","2":"type-post","3":"status-publish","4":"format-standard","6":"category-business-sr","7":"category-montenegro-sr"},"_links":{"self":[{"href":"https:\/\/adriatictimes.com\/sr\/wp-json\/wp\/v2\/posts\/1444","targetHints":{"allow":["GET"]}}],"collection":[{"href":"https:\/\/adriatictimes.com\/sr\/wp-json\/wp\/v2\/posts"}],"about":[{"href":"https:\/\/adriatictimes.com\/sr\/wp-json\/wp\/v2\/types\/post"}],"author":[{"embeddable":true,"href":"https:\/\/adriatictimes.com\/sr\/wp-json\/wp\/v2\/users\/1"}],"replies":[{"embeddable":true,"href":"https:\/\/adriatictimes.com\/sr\/wp-json\/wp\/v2\/comments?post=1444"}],"version-history":[{"count":0,"href":"https:\/\/adriatictimes.com\/sr\/wp-json\/wp\/v2\/posts\/1444\/revisions"}],"wp:attachment":[{"href":"https:\/\/adriatictimes.com\/sr\/wp-json\/wp\/v2\/media?parent=1444"}],"wp:term":[{"taxonomy":"category","embeddable":true,"href":"https:\/\/adriatictimes.com\/sr\/wp-json\/wp\/v2\/categories?post=1444"},{"taxonomy":"post_tag","embeddable":true,"href":"https:\/\/adriatictimes.com\/sr\/wp-json\/wp\/v2\/tags?post=1444"}],"curies":[{"name":"wp","href":"https:\/\/api.w.org\/{rel}","templated":true}]}}