{"id":1449,"date":"2024-07-07T16:37:14","date_gmt":"2024-07-07T16:37:14","guid":{"rendered":"https:\/\/adriatictimes.com\/crna-gora-odradila-impresivan-posao-vazno-odrzati-dobru-dinamiku-i-ubrzati-pristupanje-eu\/"},"modified":"2024-07-07T16:37:14","modified_gmt":"2024-07-07T16:37:14","slug":"crna-gora-odradila-impresivan-posao-vazno-odrzati-dobru-dinamiku-i-ubrzati-pristupanje-eu","status":"publish","type":"post","link":"https:\/\/adriatictimes.com\/sr\/crna-gora-odradila-impresivan-posao-vazno-odrzati-dobru-dinamiku-i-ubrzati-pristupanje-eu\/","title":{"rendered":"Crna Gora odradila impresivan posao, va\u017eno odr\u017eati dobru dinamiku i ubrzati pristupanje EU"},"content":{"rendered":"<p> <br \/>\n<\/p>\n<div>\n<p>\u00a0<\/p>\n<p><span><span><span>Crna Gora je u proteklih nekoliko mjeseci odradila impresivan posao i ostvarila izuzetne rezultate u poglavljima 23 i 24. Va\u017eno je u narednom periodu odr\u017eati dobru dinamiku i ubrzati pristupanje EU, jer \u0107e ono donijeti brojne koristi za dru\u0161tvo i gra\u0111ane, poru\u010deno je na Panel diskusiji o zavr\u0161noj fazi pregovora Crne Gore za \u010dlanstvo u Evropskoj uniji.<\/span><\/span><\/span><\/p>\n<p><span><span><span>Panel, kojem su prisustvovali \u010dlanovi pregovara\u010dke strukture (pregovara\u010di, \u0161efovi i sekretari pregovara\u010dkih radnih grupa), organizovalo je Ministarstvo evropskih poslova u okviru projekta finansiranog sredstvima EU \u201eCentar&#8230;<\/span><\/span><\/span><\/p>\n<\/div>\n<p><br \/>\n<br \/><a href=\"https:\/\/www.eeas.europa.eu\/delegations\/montenegro\/crna-gora-odradila-impresivan-posao-va%C5%BEno-odr%C5%BEati-dobru-dinamiku-i-ubrzati-pristupanje-eu_me?s=225\">\u0418\u0437\u0432\u043e\u0440<\/a><\/p>\n","protected":false},"excerpt":{"rendered":"<p>\u00a0 Crna Gora je u proteklih nekoliko mjeseci odradila impresivan posao i ostvarila izuzetne rezultate u poglavljima 23 i 24. Va\u017eno je u narednom periodu odr\u017eati dobru dinamiku i ubrzati pristupanje EU, jer \u0107e ono donijeti brojne koristi za dru\u0161tvo i gra\u0111ane, poru\u010deno je na Panel diskusiji o zavr\u0161noj fazi pregovora Crne Gore za \u010dlanstvo [&hellip;]<\/p>\n","protected":false},"author":1,"featured_media":0,"comment_status":"open","ping_status":"open","sticky":false,"template":"","format":"standard","meta":{"footnotes":""},"categories":[101,105],"tags":[],"class_list":{"0":"post-1449","1":"post","2":"type-post","3":"status-publish","4":"format-standard","6":"category-business-sr","7":"category-montenegro-sr"},"_links":{"self":[{"href":"https:\/\/adriatictimes.com\/sr\/wp-json\/wp\/v2\/posts\/1449","targetHints":{"allow":["GET"]}}],"collection":[{"href":"https:\/\/adriatictimes.com\/sr\/wp-json\/wp\/v2\/posts"}],"about":[{"href":"https:\/\/adriatictimes.com\/sr\/wp-json\/wp\/v2\/types\/post"}],"author":[{"embeddable":true,"href":"https:\/\/adriatictimes.com\/sr\/wp-json\/wp\/v2\/users\/1"}],"replies":[{"embeddable":true,"href":"https:\/\/adriatictimes.com\/sr\/wp-json\/wp\/v2\/comments?post=1449"}],"version-history":[{"count":0,"href":"https:\/\/adriatictimes.com\/sr\/wp-json\/wp\/v2\/posts\/1449\/revisions"}],"wp:attachment":[{"href":"https:\/\/adriatictimes.com\/sr\/wp-json\/wp\/v2\/media?parent=1449"}],"wp:term":[{"taxonomy":"category","embeddable":true,"href":"https:\/\/adriatictimes.com\/sr\/wp-json\/wp\/v2\/categories?post=1449"},{"taxonomy":"post_tag","embeddable":true,"href":"https:\/\/adriatictimes.com\/sr\/wp-json\/wp\/v2\/tags?post=1449"}],"curies":[{"name":"wp","href":"https:\/\/api.w.org\/{rel}","templated":true}]}}