{"id":1459,"date":"2024-07-07T16:37:24","date_gmt":"2024-07-07T16:37:24","guid":{"rendered":"https:\/\/adriatictimes.com\/crna-gora-uradila-ogroman-posao-na-primjeni-strategije-pametne-specijalizacije-drustvo-rtcg-radio-televizija-crne-gore\/"},"modified":"2024-07-07T16:37:24","modified_gmt":"2024-07-07T16:37:24","slug":"crna-gora-uradila-ogroman-posao-na-primjeni-strategije-pametne-specijalizacije-drustvo-rtcg-radio-televizija-crne-gore","status":"publish","type":"post","link":"https:\/\/adriatictimes.com\/sr\/crna-gora-uradila-ogroman-posao-na-primjeni-strategije-pametne-specijalizacije-drustvo-rtcg-radio-televizija-crne-gore\/","title":{"rendered":"Crna Gora uradila ogroman posao na primjeni Strategije pametne specijalizacije :: Dru\u0161tvo :: RTCG &#8211; Radio Televizija Crne Gore"},"content":{"rendered":"<p> <br \/>\n<\/p>\n<div style=\"margin-bottom: 15px;\">\n<!-- TurnIndexTextOn --><\/p>\n<p class=\"author-source\">\n<span class=\"author\">B.B.<\/span>\n<\/p>\n<p class=\"uptitle\">FABRI<\/p>\n<p class=\"lead\">Crna Gora uradila je ogroman posao na primjeni prve Strategije pametne specijalizacije (S3), saop\u0161tio je danas predstavnik Udru\u017eenog istra\u017eiva\u010dkog centra Evropske Komisije Emanuele Fabri, na doga\u0111aju povodom izrade druge po redu Strategije pametne specijalizacije. Doga\u0111aj je otvorila ministarka prosvjete, nauke i inovacija An\u0111ela Jak\u0161i\u0107 Stojanovi\u0107, koja je poru\u010dila da S3 Strategija pametne specijalizacije \u201c\u0161tedi novac, vrijeme i energiju\u201c, usmjeravaju\u0107i nas na oblasti u kojima mo\u017eemo imati najve\u0107u korist.\n<\/p>\n<p style=\"text-align: justify;\"><!--<box box-center 779061 image>--U saop\u0161tenju Ministarstva...<\/p>\n\n<\/div>\n\n\n<br \/>[ad_2]\n<br \/><a href=\"https:\/\/www.rtcg.me\/vijesti\/drustvo\/554038\/crna-gora-uradila-ogroman-posao-na-primjeni-strategije-pametne-specijalizacije.html\">\u0418\u0437\u0432\u043e\u0440<\/a>\n<\/p>\n","protected":false},"excerpt":{"rendered":"<p>B.B. FABRI Crna Gora uradila je ogroman posao na primjeni prve Strategije pametne specijalizacije (S3), saop\u0161tio je danas predstavnik Udru\u017eenog istra\u017eiva\u010dkog centra Evropske Komisije Emanuele Fabri, na doga\u0111aju povodom izrade druge po redu Strategije pametne specijalizacije. Doga\u0111aj je otvorila ministarka prosvjete, nauke i inovacija An\u0111ela Jak\u0161i\u0107 Stojanovi\u0107, koja je poru\u010dila da S3 Strategija pametne specijalizacije [&hellip;]<\/p>\n","protected":false},"author":1,"featured_media":0,"comment_status":"open","ping_status":"open","sticky":false,"template":"","format":"standard","meta":{"footnotes":""},"categories":[101,105],"tags":[],"class_list":{"0":"post-1459","1":"post","2":"type-post","3":"status-publish","4":"format-standard","6":"category-business-sr","7":"category-montenegro-sr"},"_links":{"self":[{"href":"https:\/\/adriatictimes.com\/sr\/wp-json\/wp\/v2\/posts\/1459","targetHints":{"allow":["GET"]}}],"collection":[{"href":"https:\/\/adriatictimes.com\/sr\/wp-json\/wp\/v2\/posts"}],"about":[{"href":"https:\/\/adriatictimes.com\/sr\/wp-json\/wp\/v2\/types\/post"}],"author":[{"embeddable":true,"href":"https:\/\/adriatictimes.com\/sr\/wp-json\/wp\/v2\/users\/1"}],"replies":[{"embeddable":true,"href":"https:\/\/adriatictimes.com\/sr\/wp-json\/wp\/v2\/comments?post=1459"}],"version-history":[{"count":0,"href":"https:\/\/adriatictimes.com\/sr\/wp-json\/wp\/v2\/posts\/1459\/revisions"}],"wp:attachment":[{"href":"https:\/\/adriatictimes.com\/sr\/wp-json\/wp\/v2\/media?parent=1459"}],"wp:term":[{"taxonomy":"category","embeddable":true,"href":"https:\/\/adriatictimes.com\/sr\/wp-json\/wp\/v2\/categories?post=1459"},{"taxonomy":"post_tag","embeddable":true,"href":"https:\/\/adriatictimes.com\/sr\/wp-json\/wp\/v2\/tags?post=1459"}],"curies":[{"name":"wp","href":"https:\/\/api.w.org\/{rel}","templated":true}]}}