{"id":1461,"date":"2024-07-07T16:37:27","date_gmt":"2024-07-07T16:37:27","guid":{"rendered":"https:\/\/adriatictimes.com\/crna-gora-planira-da-uvede-vize-za-frilensere\/"},"modified":"2024-07-07T16:37:27","modified_gmt":"2024-07-07T16:37:27","slug":"crna-gora-planira-da-uvede-vize-za-frilensere","status":"publish","type":"post","link":"https:\/\/adriatictimes.com\/sr\/crna-gora-planira-da-uvede-vize-za-frilensere\/","title":{"rendered":"Crna Gora planira da uvede vize za frilensere"},"content":{"rendered":"<p> <br \/>\n<\/p>\n<div>\n<div class=\"lead-text\">\n<p>Italija je me\u0111u poslednjim zemljama EU koja je uvela digitalnu nomadsku vizu, daju\u0107i radnicima kojii rade na daljinu priliku da kombinuju posao sa vi\u0161e zadovoljstva dok putuju.<\/p>\n<\/p><\/div>\n<p>Od 4&#8230;.<\/p>\n<\/div>\n<p><br \/>\n<br \/><a href=\"https:\/\/www.b92.net\/putovanja\/aktuelno\/aktuelno\/19066\/crna-gora-planira-da-uvede-vize-za-frilensere\/vest\">\u0418\u0437\u0432\u043e\u0440<\/a><\/p>\n","protected":false},"excerpt":{"rendered":"<p>Italija je me\u0111u poslednjim zemljama EU koja je uvela digitalnu nomadsku vizu, daju\u0107i radnicima kojii rade na daljinu priliku da kombinuju posao sa vi\u0161e zadovoljstva dok putuju. Od 4&#8230;. \u0418\u0437\u0432\u043e\u0440<\/p>\n","protected":false},"author":1,"featured_media":0,"comment_status":"open","ping_status":"open","sticky":false,"template":"","format":"standard","meta":{"footnotes":""},"categories":[101,105],"tags":[],"class_list":{"0":"post-1461","1":"post","2":"type-post","3":"status-publish","4":"format-standard","6":"category-business-sr","7":"category-montenegro-sr"},"_links":{"self":[{"href":"https:\/\/adriatictimes.com\/sr\/wp-json\/wp\/v2\/posts\/1461","targetHints":{"allow":["GET"]}}],"collection":[{"href":"https:\/\/adriatictimes.com\/sr\/wp-json\/wp\/v2\/posts"}],"about":[{"href":"https:\/\/adriatictimes.com\/sr\/wp-json\/wp\/v2\/types\/post"}],"author":[{"embeddable":true,"href":"https:\/\/adriatictimes.com\/sr\/wp-json\/wp\/v2\/users\/1"}],"replies":[{"embeddable":true,"href":"https:\/\/adriatictimes.com\/sr\/wp-json\/wp\/v2\/comments?post=1461"}],"version-history":[{"count":0,"href":"https:\/\/adriatictimes.com\/sr\/wp-json\/wp\/v2\/posts\/1461\/revisions"}],"wp:attachment":[{"href":"https:\/\/adriatictimes.com\/sr\/wp-json\/wp\/v2\/media?parent=1461"}],"wp:term":[{"taxonomy":"category","embeddable":true,"href":"https:\/\/adriatictimes.com\/sr\/wp-json\/wp\/v2\/categories?post=1461"},{"taxonomy":"post_tag","embeddable":true,"href":"https:\/\/adriatictimes.com\/sr\/wp-json\/wp\/v2\/tags?post=1461"}],"curies":[{"name":"wp","href":"https:\/\/api.w.org\/{rel}","templated":true}]}}