{"id":1463,"date":"2024-07-07T16:37:29","date_gmt":"2024-07-07T16:37:29","guid":{"rendered":"https:\/\/adriatictimes.com\/prilika-za-sezonski-posao-radio-tivat\/"},"modified":"2024-07-07T16:37:29","modified_gmt":"2024-07-07T16:37:29","slug":"prilika-za-sezonski-posao-radio-tivat","status":"publish","type":"post","link":"https:\/\/adriatictimes.com\/sr\/prilika-za-sezonski-posao-radio-tivat\/","title":{"rendered":"Prilika za sezonski posao \u2013 Radio Tivat"},"content":{"rendered":"<p> <br \/>\n<\/p>\n<div>\n<p style=\"text-align: justify;\">Vrata sajma bi\u0107e otvorena od 10 do 14 \u010dasova za sve koji su u potrazi za sezonskim poslom, a u ponudi \u0107e se na\u0107i vi\u0161e od 150 radnih pozicija kod renomiranih poslodavaca, kao \u0161to su Hotel Chedi, Mamula Island, Hotel Regent Porto Montenegro, Lu\u0161tica Development AD, Una d.o.o. Tivat, Voli Trade d.o.o., Hotel La Fleur, ali i lokalni ugostitelji. Sve je spremno za sutra kazala je za na\u0161 radio pomo\u0107nica Sekretara za privredu Jelena Dubak:<\/p>\n<p style=\"text-align: justify;\">\u201e<em>Zaklju\u010dena je lista poslodavaca, na \u017ealost bilo je vi\u0161e zainteresovanih ali zbog ograni\u010denosti prostora nismo mogli iza\u0107i svima u susret u&#8230;<\/em><\/p>\n<\/div>\n<p><br \/>\n<br \/><a href=\"https:\/\/radiotivat.com\/2024\/03\/14\/prilika-za-sezonski-posao\/\">\u0418\u0437\u0432\u043e\u0440<\/a><\/p>\n","protected":false},"excerpt":{"rendered":"<p>Vrata sajma bi\u0107e otvorena od 10 do 14 \u010dasova za sve koji su u potrazi za sezonskim poslom, a u ponudi \u0107e se na\u0107i vi\u0161e od 150 radnih pozicija kod renomiranih poslodavaca, kao \u0161to su Hotel Chedi, Mamula Island, Hotel Regent Porto Montenegro, Lu\u0161tica Development AD, Una d.o.o. Tivat, Voli Trade d.o.o., Hotel La Fleur, [&hellip;]<\/p>\n","protected":false},"author":1,"featured_media":0,"comment_status":"open","ping_status":"open","sticky":false,"template":"","format":"standard","meta":{"footnotes":""},"categories":[101,105],"tags":[],"class_list":{"0":"post-1463","1":"post","2":"type-post","3":"status-publish","4":"format-standard","6":"category-business-sr","7":"category-montenegro-sr"},"_links":{"self":[{"href":"https:\/\/adriatictimes.com\/sr\/wp-json\/wp\/v2\/posts\/1463","targetHints":{"allow":["GET"]}}],"collection":[{"href":"https:\/\/adriatictimes.com\/sr\/wp-json\/wp\/v2\/posts"}],"about":[{"href":"https:\/\/adriatictimes.com\/sr\/wp-json\/wp\/v2\/types\/post"}],"author":[{"embeddable":true,"href":"https:\/\/adriatictimes.com\/sr\/wp-json\/wp\/v2\/users\/1"}],"replies":[{"embeddable":true,"href":"https:\/\/adriatictimes.com\/sr\/wp-json\/wp\/v2\/comments?post=1463"}],"version-history":[{"count":0,"href":"https:\/\/adriatictimes.com\/sr\/wp-json\/wp\/v2\/posts\/1463\/revisions"}],"wp:attachment":[{"href":"https:\/\/adriatictimes.com\/sr\/wp-json\/wp\/v2\/media?parent=1463"}],"wp:term":[{"taxonomy":"category","embeddable":true,"href":"https:\/\/adriatictimes.com\/sr\/wp-json\/wp\/v2\/categories?post=1463"},{"taxonomy":"post_tag","embeddable":true,"href":"https:\/\/adriatictimes.com\/sr\/wp-json\/wp\/v2\/tags?post=1463"}],"curies":[{"name":"wp","href":"https:\/\/api.w.org\/{rel}","templated":true}]}}