{"id":1466,"date":"2024-07-07T16:37:35","date_gmt":"2024-07-07T16:37:35","guid":{"rendered":"https:\/\/adriatictimes.com\/posao-ili-edukacija-za-sve-mlade\/"},"modified":"2024-07-07T16:37:35","modified_gmt":"2024-07-07T16:37:35","slug":"posao-ili-edukacija-za-sve-mlade","status":"publish","type":"post","link":"https:\/\/adriatictimes.com\/sr\/posao-ili-edukacija-za-sve-mlade\/","title":{"rendered":"Posao ili edukacija za sve mlade"},"content":{"rendered":"<p> <br \/>\n<\/p>\n<div>\n<p>Primjena dr\u017eavnog Plana \u201cGarancija za mlade\u201d obezbijedi\u0107e svim osobama od 15 do 29 godina da prona\u0111u posao ili nastave edukaciju u roku od \u010detiri mjeseca otkako su postali nezaposleni ili napustili formalno obrazovanje.<\/p>\n<p>Taj Plan, odgovorili su \u201cVijestima\u201d iz Ministarstva rada i socijalnog staranja, trebalo bi da bude usvojen do kraja juna, a bi\u0107e najprije oproban u tri pilot op\u0161tine u Crnoj Gori. One \u0107e biti odabrane po kriterijumima i smjernicama Me\u0111unarodne organizacije rada, a sprovodi\u0107e se u periodu od 2025. do 2026. godine.<\/p>\n<p>Ministarka rada i&#8230;<\/p>\n<\/div>\n<p><br \/>\n<br \/><a href=\"https:\/\/www.vijesti.me\/amp\/697589\/ambiciozan-drzavni-plan-posao-ili-edukacija-za-sve-mlade\">\u0418\u0437\u0432\u043e\u0440<\/a><\/p>\n","protected":false},"excerpt":{"rendered":"<p>Primjena dr\u017eavnog Plana \u201cGarancija za mlade\u201d obezbijedi\u0107e svim osobama od 15 do 29 godina da prona\u0111u posao ili nastave edukaciju u roku od \u010detiri mjeseca otkako su postali nezaposleni ili napustili formalno obrazovanje. Taj Plan, odgovorili su \u201cVijestima\u201d iz Ministarstva rada i socijalnog staranja, trebalo bi da bude usvojen do kraja juna, a bi\u0107e najprije [&hellip;]<\/p>\n","protected":false},"author":1,"featured_media":0,"comment_status":"open","ping_status":"open","sticky":false,"template":"","format":"standard","meta":{"footnotes":""},"categories":[101,105],"tags":[],"class_list":{"0":"post-1466","1":"post","2":"type-post","3":"status-publish","4":"format-standard","6":"category-business-sr","7":"category-montenegro-sr"},"_links":{"self":[{"href":"https:\/\/adriatictimes.com\/sr\/wp-json\/wp\/v2\/posts\/1466","targetHints":{"allow":["GET"]}}],"collection":[{"href":"https:\/\/adriatictimes.com\/sr\/wp-json\/wp\/v2\/posts"}],"about":[{"href":"https:\/\/adriatictimes.com\/sr\/wp-json\/wp\/v2\/types\/post"}],"author":[{"embeddable":true,"href":"https:\/\/adriatictimes.com\/sr\/wp-json\/wp\/v2\/users\/1"}],"replies":[{"embeddable":true,"href":"https:\/\/adriatictimes.com\/sr\/wp-json\/wp\/v2\/comments?post=1466"}],"version-history":[{"count":0,"href":"https:\/\/adriatictimes.com\/sr\/wp-json\/wp\/v2\/posts\/1466\/revisions"}],"wp:attachment":[{"href":"https:\/\/adriatictimes.com\/sr\/wp-json\/wp\/v2\/media?parent=1466"}],"wp:term":[{"taxonomy":"category","embeddable":true,"href":"https:\/\/adriatictimes.com\/sr\/wp-json\/wp\/v2\/categories?post=1466"},{"taxonomy":"post_tag","embeddable":true,"href":"https:\/\/adriatictimes.com\/sr\/wp-json\/wp\/v2\/tags?post=1466"}],"curies":[{"name":"wp","href":"https:\/\/api.w.org\/{rel}","templated":true}]}}