{"id":1471,"date":"2024-07-07T16:38:05","date_gmt":"2024-07-07T16:38:05","guid":{"rendered":"https:\/\/adriatictimes.com\/women4cyber-montenegro-ict-cortex-i-ucg-obiljezili-medjunarodni-dan-djevojaka-i-djevojcica-u-ict-snaga-svijeta-tehnologije\/"},"modified":"2024-07-07T16:38:05","modified_gmt":"2024-07-07T16:38:05","slug":"women4cyber-montenegro-ict-cortex-i-ucg-obiljezili-medjunarodni-dan-djevojaka-i-djevojcica-u-ict-snaga-svijeta-tehnologije","status":"publish","type":"post","link":"https:\/\/adriatictimes.com\/sr\/women4cyber-montenegro-ict-cortex-i-ucg-obiljezili-medjunarodni-dan-djevojaka-i-djevojcica-u-ict-snaga-svijeta-tehnologije\/","title":{"rendered":"Women4Cyber Montenegro, ICT Cortex i UCG obilje\u017eili Me\u0111unarodni dan djevojaka i djevoj\u010dica u ICT: Snaga svijeta tehnologije"},"content":{"rendered":"<p> <br \/>\n<\/p>\n<div id=\"article-body\">\n<p>Vi\u0161e od milion djevoj\u010dica i djevojaka \u0161irom svijeta svake godine u\u010destvuje u ovoj va\u017enoj inicijativi koja ima za cilj da se mlade djevojke osna\u017ee i podstakne njihova aktivnost u STEM (nauka, tehnologija, in\u017eenjering i matematika) poljima.<\/p>\n<p>Kao znak podr\u0161ke djevoj\u010dicama i djevojkama u ICT industriji i zbog podizanja svijesti o njihovim vrijednostima i va\u017enosti, Univerzitet Crne Gore, ICT Cortex i Women4Cyber Montenegroorganizovali su Speed Mentoring sesiju: \u201cKratki susreti, dugoro\u010dna vizija\u201d.\u00a0<\/p>\n<div class=\"inner-articles-container fr-deletable\">\n<div class=\"article-c t-left p-rel ng-isolate-scope\"><a class=\"article--link\" target=\"_blank\" title=\"Dan djevoj\u010dica u ICT-u: Osna\u017eimo ih da postanu liderke i svojim idejama i inovacijama promijene svijet\" tabindex=\"0\" href=\"https:\/\/www.portalanalitika.me\/clanak\/dan-djevojcica-u-ict-u-osnazimo-ih-da-postanu-liderke-i-svojim-idejama-i-inovacijama-promijene-svijet\" rel=\"noopener\"><span class=\"article-c--title word-break open-sans fw-700 d-inline-block pl-xs ng-binding\">Dan djevoj\u010dica u ICT-u: Osna\u017eimo ih da postanu liderke\u2026<\/span><\/p>\n<p><span class=\"span date ng-binding\">25.04.2024 14:26<\/span><\/p>\n<\/div>\n<\/div>\n<p>Na ovom&#8230;<\/p>\n<\/div>\n<p><br \/>\n<br \/><a href=\"https:\/\/www.portalanalitika.me\/clanak\/medunarodni-dan-djevojaka-i-djevojcica-u-ict-inteligentne-kreativne-i-talentovane-snaga-svijeta-tehnologije\">\u0418\u0437\u0432\u043e\u0440<\/a><\/p>\n","protected":false},"excerpt":{"rendered":"<p>Vi\u0161e od milion djevoj\u010dica i djevojaka \u0161irom svijeta svake godine u\u010destvuje u ovoj va\u017enoj inicijativi koja ima za cilj da se mlade djevojke osna\u017ee i podstakne njihova aktivnost u STEM (nauka, tehnologija, in\u017eenjering i matematika) poljima. Kao znak podr\u0161ke djevoj\u010dicama i djevojkama u ICT industriji i zbog podizanja svijesti o njihovim vrijednostima i va\u017enosti, Univerzitet [&hellip;]<\/p>\n","protected":false},"author":1,"featured_media":0,"comment_status":"open","ping_status":"open","sticky":false,"template":"","format":"standard","meta":{"footnotes":""},"categories":[107,105],"tags":[],"class_list":{"0":"post-1471","1":"post","2":"type-post","3":"status-publish","4":"format-standard","6":"category-technology-sr","7":"category-montenegro-sr"},"_links":{"self":[{"href":"https:\/\/adriatictimes.com\/sr\/wp-json\/wp\/v2\/posts\/1471","targetHints":{"allow":["GET"]}}],"collection":[{"href":"https:\/\/adriatictimes.com\/sr\/wp-json\/wp\/v2\/posts"}],"about":[{"href":"https:\/\/adriatictimes.com\/sr\/wp-json\/wp\/v2\/types\/post"}],"author":[{"embeddable":true,"href":"https:\/\/adriatictimes.com\/sr\/wp-json\/wp\/v2\/users\/1"}],"replies":[{"embeddable":true,"href":"https:\/\/adriatictimes.com\/sr\/wp-json\/wp\/v2\/comments?post=1471"}],"version-history":[{"count":0,"href":"https:\/\/adriatictimes.com\/sr\/wp-json\/wp\/v2\/posts\/1471\/revisions"}],"wp:attachment":[{"href":"https:\/\/adriatictimes.com\/sr\/wp-json\/wp\/v2\/media?parent=1471"}],"wp:term":[{"taxonomy":"category","embeddable":true,"href":"https:\/\/adriatictimes.com\/sr\/wp-json\/wp\/v2\/categories?post=1471"},{"taxonomy":"post_tag","embeddable":true,"href":"https:\/\/adriatictimes.com\/sr\/wp-json\/wp\/v2\/tags?post=1471"}],"curies":[{"name":"wp","href":"https:\/\/api.w.org\/{rel}","templated":true}]}}