{"id":1474,"date":"2024-07-07T16:38:18","date_gmt":"2024-07-07T16:38:18","guid":{"rendered":"https:\/\/adriatictimes.com\/crna-gora-da-ulaze-u-poboljsanje-skolske-infrastrukture\/"},"modified":"2024-07-07T16:38:18","modified_gmt":"2024-07-07T16:38:18","slug":"crna-gora-da-ulaze-u-poboljsanje-skolske-infrastrukture","status":"publish","type":"post","link":"https:\/\/adriatictimes.com\/sr\/crna-gora-da-ulaze-u-poboljsanje-skolske-infrastrukture\/","title":{"rendered":"Crna Gora da ula\u017ee u pobolj\u0161anje \u0161kolske infrastrukture"},"content":{"rendered":"<p> <br \/>\n<\/p>\n<div>\n\t\t\t\t\t\t\t\t<amp-img width=\"435px\" height=\"290px\" layout=\"responsive\" alt=\"Santander: Crna Gora da ula\u017ee u pobolj\u0161anje \u0161kolske infrastrukture\" src=\"https:\/\/www.vijesti.me\/data\/images\/2024\/04\/02\/17\/5558115_santander_ls-s.jpg\"\/><\/p>\n<p>Ministarka Jak\u0161i\u0107 Stojanovi\u0107 i Santander, Foto: MPNI<\/p>\n<\/p><\/div>\n<div>\n<p>Crna Gora treba da ula\u017ee dovoljno novca iz dr\u017eavnog bud\u017eeta u pobolj\u0161anje \u0161kolske infrastrukture, ja\u010danje vje\u0161tina djece i nastavnika za kori\u0161\u0107enje novih tehnologija i pove\u0107anje broja asistenata u nastavi, ocijenio je \u0161ef predstavni\u0161tva UNICEF-a u Podgorici, Huan Santander.<\/p>\n<p>Ministarka prosvjete, nauke i inovacija An\u0111ela Jak\u0161i\u0107 Stojanovi\u0107 primila je danas u opro\u0161tajnu posjetu Santandera.<\/p>\n<p>Kako je saop\u0161teno iz Ministarstva, Santander je ocijenio da u narednom periodu Crna Gora&#8230;<\/p>\n<\/div>\n<p><br \/>\n<br \/><a href=\"https:\/\/www.vijesti.me\/amp\/700960\/santander-crna-gora-da-ulaze-u-poboljsanje-skolske-infrastrukture\">\u0418\u0437\u0432\u043e\u0440<\/a><\/p>\n","protected":false},"excerpt":{"rendered":"<p>Ministarka Jak\u0161i\u0107 Stojanovi\u0107 i Santander, Foto: MPNI Crna Gora treba da ula\u017ee dovoljno novca iz dr\u017eavnog bud\u017eeta u pobolj\u0161anje \u0161kolske infrastrukture, ja\u010danje vje\u0161tina djece i nastavnika za kori\u0161\u0107enje novih tehnologija i pove\u0107anje broja asistenata u nastavi, ocijenio je \u0161ef predstavni\u0161tva UNICEF-a u Podgorici, Huan Santander. Ministarka prosvjete, nauke i inovacija An\u0111ela Jak\u0161i\u0107 Stojanovi\u0107 primila je [&hellip;]<\/p>\n","protected":false},"author":1,"featured_media":0,"comment_status":"open","ping_status":"open","sticky":false,"template":"","format":"standard","meta":{"footnotes":""},"categories":[107,105],"tags":[],"class_list":{"0":"post-1474","1":"post","2":"type-post","3":"status-publish","4":"format-standard","6":"category-technology-sr","7":"category-montenegro-sr"},"_links":{"self":[{"href":"https:\/\/adriatictimes.com\/sr\/wp-json\/wp\/v2\/posts\/1474","targetHints":{"allow":["GET"]}}],"collection":[{"href":"https:\/\/adriatictimes.com\/sr\/wp-json\/wp\/v2\/posts"}],"about":[{"href":"https:\/\/adriatictimes.com\/sr\/wp-json\/wp\/v2\/types\/post"}],"author":[{"embeddable":true,"href":"https:\/\/adriatictimes.com\/sr\/wp-json\/wp\/v2\/users\/1"}],"replies":[{"embeddable":true,"href":"https:\/\/adriatictimes.com\/sr\/wp-json\/wp\/v2\/comments?post=1474"}],"version-history":[{"count":0,"href":"https:\/\/adriatictimes.com\/sr\/wp-json\/wp\/v2\/posts\/1474\/revisions"}],"wp:attachment":[{"href":"https:\/\/adriatictimes.com\/sr\/wp-json\/wp\/v2\/media?parent=1474"}],"wp:term":[{"taxonomy":"category","embeddable":true,"href":"https:\/\/adriatictimes.com\/sr\/wp-json\/wp\/v2\/categories?post=1474"},{"taxonomy":"post_tag","embeddable":true,"href":"https:\/\/adriatictimes.com\/sr\/wp-json\/wp\/v2\/tags?post=1474"}],"curies":[{"name":"wp","href":"https:\/\/api.w.org\/{rel}","templated":true}]}}