{"id":1482,"date":"2024-07-07T16:44:11","date_gmt":"2024-07-07T16:44:11","guid":{"rendered":"https:\/\/adriatictimes.com\/crnoj-gori-trebaju-i-montenegro-airlines-i-aerodromi-crne-gore\/"},"modified":"2024-07-07T16:44:11","modified_gmt":"2024-07-07T16:44:11","slug":"crnoj-gori-trebaju-i-montenegro-airlines-i-aerodromi-crne-gore","status":"publish","type":"post","link":"https:\/\/adriatictimes.com\/sr\/crnoj-gori-trebaju-i-montenegro-airlines-i-aerodromi-crne-gore\/","title":{"rendered":"Crnoj Gori trebaju i Montenegro Airlines i Aerodromi Crne Gore"},"content":{"rendered":"<p> <br \/>\n<\/p>\n<div id=\"ts-single-content\">\n<p><em><strong>Autor teksta je Milo\u0161 Radonji\u0107 iz Nik\u0161i\u0107a. Ima 25 godina, in\u017eenjer je vazduhoplovstva i pilot.\u00a0<\/strong><\/em><\/p>\n<p>U svijet vazduhoplovstva u\u0161ao sam u 17. godini kada sam stekao sportsku dozvolu u rodnoj zemlji. Kao najmla\u0111i pilot u Crnoj Gori, zahvaljuju\u0107i Ambasadi Republike Turske, dobijam \u0161ansu za daljim \u0161kolovanjem i usavr\u0161avanjem na presti\u017enom fakultetu, \u2018Turk Hava Kurumu Universitesi\u2019, kadrovske baze Turkish airlinesa i sestrinskih kompanija. Kaljenjem pilotskog zanata odnosno \u0161kolovanjem na tri kontinenta stekao sam dozvole EU (EASA), Azije-tre\u0107ih zemalja (ICAO) i\u00a0 SAD&#8230;<\/p>\n<\/div>\n<p><br \/>\n<br \/><a href=\"https:\/\/tangosix.rs\/2020\/23\/12\/crnoj-gori-trebaju-i-montenegro-airlines-i-aerodromi-crne-gore\/\">\u0418\u0437\u0432\u043e\u0440<\/a><\/p>\n","protected":false},"excerpt":{"rendered":"<p>Autor teksta je Milo\u0161 Radonji\u0107 iz Nik\u0161i\u0107a. Ima 25 godina, in\u017eenjer je vazduhoplovstva i pilot.\u00a0 U svijet vazduhoplovstva u\u0161ao sam u 17. godini kada sam stekao sportsku dozvolu u rodnoj zemlji. Kao najmla\u0111i pilot u Crnoj Gori, zahvaljuju\u0107i Ambasadi Republike Turske, dobijam \u0161ansu za daljim \u0161kolovanjem i usavr\u0161avanjem na presti\u017enom fakultetu, \u2018Turk Hava Kurumu Universitesi\u2019, [&hellip;]<\/p>\n","protected":false},"author":1,"featured_media":0,"comment_status":"open","ping_status":"open","sticky":false,"template":"","format":"standard","meta":{"footnotes":""},"categories":[108,105],"tags":[],"class_list":{"0":"post-1482","1":"post","2":"type-post","3":"status-publish","4":"format-standard","6":"category-travel-sr","7":"category-montenegro-sr"},"_links":{"self":[{"href":"https:\/\/adriatictimes.com\/sr\/wp-json\/wp\/v2\/posts\/1482","targetHints":{"allow":["GET"]}}],"collection":[{"href":"https:\/\/adriatictimes.com\/sr\/wp-json\/wp\/v2\/posts"}],"about":[{"href":"https:\/\/adriatictimes.com\/sr\/wp-json\/wp\/v2\/types\/post"}],"author":[{"embeddable":true,"href":"https:\/\/adriatictimes.com\/sr\/wp-json\/wp\/v2\/users\/1"}],"replies":[{"embeddable":true,"href":"https:\/\/adriatictimes.com\/sr\/wp-json\/wp\/v2\/comments?post=1482"}],"version-history":[{"count":0,"href":"https:\/\/adriatictimes.com\/sr\/wp-json\/wp\/v2\/posts\/1482\/revisions"}],"wp:attachment":[{"href":"https:\/\/adriatictimes.com\/sr\/wp-json\/wp\/v2\/media?parent=1482"}],"wp:term":[{"taxonomy":"category","embeddable":true,"href":"https:\/\/adriatictimes.com\/sr\/wp-json\/wp\/v2\/categories?post=1482"},{"taxonomy":"post_tag","embeddable":true,"href":"https:\/\/adriatictimes.com\/sr\/wp-json\/wp\/v2\/tags?post=1482"}],"curies":[{"name":"wp","href":"https:\/\/api.w.org\/{rel}","templated":true}]}}