{"id":1483,"date":"2024-07-07T16:44:24","date_gmt":"2024-07-07T16:44:24","guid":{"rendered":"https:\/\/adriatictimes.com\/zahtjevi-pokreta-za-podgoricu-funkcije-i-finansije-od-pes-a-za-partijski-rad\/"},"modified":"2024-07-07T16:44:24","modified_gmt":"2024-07-07T16:44:24","slug":"zahtjevi-pokreta-za-podgoricu-funkcije-i-finansije-od-pes-a-za-partijski-rad","status":"publish","type":"post","link":"https:\/\/adriatictimes.com\/sr\/zahtjevi-pokreta-za-podgoricu-funkcije-i-finansije-od-pes-a-za-partijski-rad\/","title":{"rendered":"Zahtjevi Pokreta za Podgoricu: Funkcije i finansije od PES-a za partijski rad"},"content":{"rendered":"<p> <br \/>\n<\/p>\n<div id=\"post-605093\">&#13;<\/p>\n<div class=\"single-featured\"><a class=\"post-thumbnail open-lightbox\" href=\"https:\/\/borba.me\/storage\/2024\/05\/Glavi-grad-Podgorica-768x403-1.jpg\"><img loading=\"lazy\" decoding=\"async\" width=\"750\" height=\"403\" alt=\"\" src=\"https:\/\/borba.me\/storage\/2024\/05\/Glavi-grad-Podgorica-768x403-1-750x403.jpg.pagespeed.ce.Rj9g3yHUIb.jpg\"\/>\t\t\t\t\t\t\t\t\t\t\t<\/a>\n\t\t\t\t\t\t\t\t\t\t\t<\/div>\n<p>&#13;<br \/>\n\t\t\t\t\t\t\t\t\t\t\t\t\t\t\t\t\t\t&#13;<br \/>\n\t\t\t\t\t\t\t\t\t\t\t&#13;<\/p>\n<div class=\"entry-content clearfix single-post-content\">\n<p>Na zahtjev novoformiranog odborni\u010dkog kluba \u201ePokreta za Podgoricu\u201c, koga \u010dine odbornici bliski predsjedniku dr\u017eave Jakovu Milatovi\u0107u, zatra\u017eena je pauza i nastavak rada Skup\u0161tine Glavnog grada nakon praznika, pa je nova sjednica zakazana za 27. maj.<\/p>\n<p>Iako je, me\u0111utim, djelovalo da se vlast u Podgorici konsolidovala, u javnom reagovanju je Pokret za Podgoricu optu\u017eio biv\u0161e kolege iz Pokreta Evropa sad (PES) za otkazivanje dogovorenog sastanka.<\/p>\n<p>Iz odborni\u010dkog kluba PES-a odgovoreno je da&#8230;<\/p>\n<\/div>\n<\/div>\n<p><br \/>\n<br \/><a href=\"https:\/\/borba.me\/zahtjevi-pokreta-za-podgoricu-funkcije-i-finansije-od-pes-a-za-partijski-rad\/\">\u0418\u0437\u0432\u043e\u0440<\/a><\/p>\n","protected":false},"excerpt":{"rendered":"<p>&#13; &#13; &#13; &#13; Na zahtjev novoformiranog odborni\u010dkog kluba \u201ePokreta za Podgoricu\u201c, koga \u010dine odbornici bliski predsjedniku dr\u017eave Jakovu Milatovi\u0107u, zatra\u017eena je pauza i nastavak rada Skup\u0161tine Glavnog grada nakon praznika, pa je nova sjednica zakazana za 27. maj. Iako je, me\u0111utim, djelovalo da se vlast u Podgorici konsolidovala, u javnom reagovanju je Pokret za [&hellip;]<\/p>\n","protected":false},"author":1,"featured_media":0,"comment_status":"open","ping_status":"open","sticky":false,"template":"","format":"standard","meta":{"footnotes":""},"categories":[103,105],"tags":[],"class_list":{"0":"post-1483","1":"post","2":"type-post","3":"status-publish","4":"format-standard","6":"category-finance-sr","7":"category-montenegro-sr"},"_links":{"self":[{"href":"https:\/\/adriatictimes.com\/sr\/wp-json\/wp\/v2\/posts\/1483","targetHints":{"allow":["GET"]}}],"collection":[{"href":"https:\/\/adriatictimes.com\/sr\/wp-json\/wp\/v2\/posts"}],"about":[{"href":"https:\/\/adriatictimes.com\/sr\/wp-json\/wp\/v2\/types\/post"}],"author":[{"embeddable":true,"href":"https:\/\/adriatictimes.com\/sr\/wp-json\/wp\/v2\/users\/1"}],"replies":[{"embeddable":true,"href":"https:\/\/adriatictimes.com\/sr\/wp-json\/wp\/v2\/comments?post=1483"}],"version-history":[{"count":0,"href":"https:\/\/adriatictimes.com\/sr\/wp-json\/wp\/v2\/posts\/1483\/revisions"}],"wp:attachment":[{"href":"https:\/\/adriatictimes.com\/sr\/wp-json\/wp\/v2\/media?parent=1483"}],"wp:term":[{"taxonomy":"category","embeddable":true,"href":"https:\/\/adriatictimes.com\/sr\/wp-json\/wp\/v2\/categories?post=1483"},{"taxonomy":"post_tag","embeddable":true,"href":"https:\/\/adriatictimes.com\/sr\/wp-json\/wp\/v2\/tags?post=1483"}],"curies":[{"name":"wp","href":"https:\/\/api.w.org\/{rel}","templated":true}]}}