{"id":1486,"date":"2024-07-07T16:44:28","date_gmt":"2024-07-07T16:44:28","guid":{"rendered":"https:\/\/adriatictimes.com\/nto-na-jedinstvenoj-turistickoj-berzi-new-deal-europe-2024\/"},"modified":"2024-07-07T16:44:28","modified_gmt":"2024-07-07T16:44:28","slug":"nto-na-jedinstvenoj-turistickoj-berzi-new-deal-europe-2024","status":"publish","type":"post","link":"https:\/\/adriatictimes.com\/sr\/nto-na-jedinstvenoj-turistickoj-berzi-new-deal-europe-2024\/","title":{"rendered":"NTO na jedinstvenoj turisti\u010dkoj berzi &#8222;New Deal Europe 2024&#8220;"},"content":{"rendered":"<p> <br \/>\n<\/p>\n<div>\n<p>Kako su saop\u0161tili iz\u00a0 NTO, doga\u0111aj je okupio nacionalne turisti\u010dke organizacije, hotelijere, turoperatore, turisti\u010dke agencije iz 12 zemalja regije od Jadranskog do Crnog mora i preko 90 kupaca ve\u0107inom iz Velike Britanije, ali i iz cijelog svijeta. Ove godine zabilje\u017een je rekordan broj u\u010desnika, \u010dak 30 odsto vi\u0161e u odnosu na prethodnu godinu, uklju\u010duju\u0107i i stru\u010dnjake za turizam i predstavnike medija, \u0161to potvr\u0111uje rastu\u0107e interesovanje za region.<\/p>\n<p>Predstavnici NTO CG predstavili su ponudu destinacije i odr\u017eali oko 20 sastanaka sa predstavnicima renomiranih turoperatora,&#8230;<\/p>\n<\/div>\n<p><br \/>\n<br \/><a href=\"https:\/\/www.dan.co.me\/turizam\/nto-na-jedinstvenoj-turistickoj-berzi-new-deal-europe-2024-5234555\">\u0418\u0437\u0432\u043e\u0440<\/a><\/p>\n","protected":false},"excerpt":{"rendered":"<p>Kako su saop\u0161tili iz\u00a0 NTO, doga\u0111aj je okupio nacionalne turisti\u010dke organizacije, hotelijere, turoperatore, turisti\u010dke agencije iz 12 zemalja regije od Jadranskog do Crnog mora i preko 90 kupaca ve\u0107inom iz Velike Britanije, ali i iz cijelog svijeta. Ove godine zabilje\u017een je rekordan broj u\u010desnika, \u010dak 30 odsto vi\u0161e u odnosu na prethodnu godinu, uklju\u010duju\u0107i i [&hellip;]<\/p>\n","protected":false},"author":1,"featured_media":0,"comment_status":"open","ping_status":"open","sticky":false,"template":"","format":"standard","meta":{"footnotes":""},"categories":[108,105],"tags":[],"class_list":{"0":"post-1486","1":"post","2":"type-post","3":"status-publish","4":"format-standard","6":"category-travel-sr","7":"category-montenegro-sr"},"_links":{"self":[{"href":"https:\/\/adriatictimes.com\/sr\/wp-json\/wp\/v2\/posts\/1486","targetHints":{"allow":["GET"]}}],"collection":[{"href":"https:\/\/adriatictimes.com\/sr\/wp-json\/wp\/v2\/posts"}],"about":[{"href":"https:\/\/adriatictimes.com\/sr\/wp-json\/wp\/v2\/types\/post"}],"author":[{"embeddable":true,"href":"https:\/\/adriatictimes.com\/sr\/wp-json\/wp\/v2\/users\/1"}],"replies":[{"embeddable":true,"href":"https:\/\/adriatictimes.com\/sr\/wp-json\/wp\/v2\/comments?post=1486"}],"version-history":[{"count":0,"href":"https:\/\/adriatictimes.com\/sr\/wp-json\/wp\/v2\/posts\/1486\/revisions"}],"wp:attachment":[{"href":"https:\/\/adriatictimes.com\/sr\/wp-json\/wp\/v2\/media?parent=1486"}],"wp:term":[{"taxonomy":"category","embeddable":true,"href":"https:\/\/adriatictimes.com\/sr\/wp-json\/wp\/v2\/categories?post=1486"},{"taxonomy":"post_tag","embeddable":true,"href":"https:\/\/adriatictimes.com\/sr\/wp-json\/wp\/v2\/tags?post=1486"}],"curies":[{"name":"wp","href":"https:\/\/api.w.org\/{rel}","templated":true}]}}