{"id":2443,"date":"2024-07-17T12:20:21","date_gmt":"2024-07-17T12:20:21","guid":{"rendered":"https:\/\/adriatictimes.com\/hercegovina-zemlja-pesnika-promovisana-knjiga-akademika-pecelja\/"},"modified":"2024-07-17T12:20:21","modified_gmt":"2024-07-17T12:20:21","slug":"hercegovina-zemlja-pesnika-promovisana-knjiga-akademika-pecelja","status":"publish","type":"post","link":"https:\/\/adriatictimes.com\/sr\/hercegovina-zemlja-pesnika-promovisana-knjiga-akademika-pecelja\/","title":{"rendered":"HERCEGOVINA ZEMLJA PESNIKA: Promovisana knjiga akademika Pecelja"},"content":{"rendered":"<p> <br \/>\n<\/p>\n<div id=\"\">\n<h2 class=\"news-description pb-3 pt-1 pt-mb-3\">\n                                KNjIGA Hercegovina zemlja pesnika akademik Milovana R.Pecelja promovisana je u Baroknoj sali Gradske ku\u0107e u Zrenjaninu, a predsednik Skup\u0161tine grada \u010cedomir Janji\u0107, uprili\u010dio je autora i ostale u\u010desnike i organizatore knji\u017eevne ve\u010deri, me\u0111u kojima su bili akademik prof. dr Jovan Deli\u0107, prof. dr Veljko Brbori\u0107 i prof. dr Vojo Kova\u010devi\u0107.                            <\/h2>\n<figure class=\"single-news-lead-img img-placeholder size-16-9\">\n<p>                                    <img decoding=\"async\" m_ext=\"f\" m_id=\"506006\" alt=\"\u0425\u0415\u0420\u0426\u0415\u0413\u041e\u0412\u0418\u041d\u0410 \u0417\u0415\u041c\u0409\u0410 \u041f\u0415\u0421\u041d\u0418\u041a\u0410: \u041f\u0440\u043e\u043c\u043e\u0432\u0438\u0441\u0430\u043d\u0430 \u043a\u045a\u0438\u0433\u0430 \u0430\u043a\u0430\u0434\u0435\u043c\u0438\u043a\u0430 \u041f\u0435\u0446\u0435\u0459\u0430\" title=\"\u0425\u0415\u0420\u0426\u0415\u0413\u041e\u0412\u0418\u041d\u0410 \u0417\u0415\u041c\u0409\u0410 \u041f\u0415\u0421\u041d\u0418\u041a\u0410: \u041f\u0440\u043e\u043c\u043e\u0432\u0438\u0441\u0430\u043d\u0430 \u043a\u045a\u0438\u0433\u0430 \u0430\u043a\u0430\u0434\u0435\u043c\u0438\u043a\u0430 \u041f\u0435\u0446\u0435\u0459\u0430\" srcset=\"https:\/\/www.novosti.rs\/data\/images\/2024-07-12\/506006_photo_f.jpg?ts=1720773672 906w, https:\/\/www.novosti.rs\/data\/images\/2024-07-12\/506006_photo_fmob.jpg?ts=1720773672 600w, https:\/\/www.novosti.rs\/data\/images\/2024-07-12\/506006_photo_kf.jpg?ts=1720773672 488w, https:\/\/www.novosti.rs\/data\/images\/2024-07-12\/506006_photo_kfmob.jpg?ts=1720773672 380w\" src=\"https:\/\/www.novosti.rs\/data\/images\/2024-07-12\/506006_photo_fmob.jpg\"\/>         &#8230;<\/figure>\n<\/div>\n<p><br \/>\n<br \/><a href=\"https:\/\/www.novosti.rs\/srbija\/vesti\/1387580\/hercegovina-zemlja-pesnika-promovisana-knjiga-akademika-pecelja\">\u0418\u0437\u0432\u043e\u0440<\/a><\/p>\n","protected":false},"excerpt":{"rendered":"<p>KNjIGA Hercegovina zemlja pesnika akademik Milovana R.Pecelja promovisana je u Baroknoj sali Gradske ku\u0107e u Zrenjaninu, a predsednik Skup\u0161tine grada \u010cedomir Janji\u0107, uprili\u010dio je autora i ostale u\u010desnike i organizatore knji\u017eevne ve\u010deri, me\u0111u kojima su bili akademik prof. dr Jovan Deli\u0107, prof. dr Veljko Brbori\u0107 i prof. dr Vojo Kova\u010devi\u0107. &#8230; \u0418\u0437\u0432\u043e\u0440<\/p>\n","protected":false},"author":1,"featured_media":0,"comment_status":"open","ping_status":"open","sticky":false,"template":"","format":"standard","meta":{"footnotes":""},"categories":[8,9,100,101],"tags":[],"class_list":{"0":"post-2443","1":"post","2":"type-post","3":"status-publish","4":"format-standard","6":"category-bosnia-herzegovina","7":"category-business","8":"category-bosnia-herzegovina-sr","9":"category-business-sr"},"_links":{"self":[{"href":"https:\/\/adriatictimes.com\/sr\/wp-json\/wp\/v2\/posts\/2443","targetHints":{"allow":["GET"]}}],"collection":[{"href":"https:\/\/adriatictimes.com\/sr\/wp-json\/wp\/v2\/posts"}],"about":[{"href":"https:\/\/adriatictimes.com\/sr\/wp-json\/wp\/v2\/types\/post"}],"author":[{"embeddable":true,"href":"https:\/\/adriatictimes.com\/sr\/wp-json\/wp\/v2\/users\/1"}],"replies":[{"embeddable":true,"href":"https:\/\/adriatictimes.com\/sr\/wp-json\/wp\/v2\/comments?post=2443"}],"version-history":[{"count":0,"href":"https:\/\/adriatictimes.com\/sr\/wp-json\/wp\/v2\/posts\/2443\/revisions"}],"wp:attachment":[{"href":"https:\/\/adriatictimes.com\/sr\/wp-json\/wp\/v2\/media?parent=2443"}],"wp:term":[{"taxonomy":"category","embeddable":true,"href":"https:\/\/adriatictimes.com\/sr\/wp-json\/wp\/v2\/categories?post=2443"},{"taxonomy":"post_tag","embeddable":true,"href":"https:\/\/adriatictimes.com\/sr\/wp-json\/wp\/v2\/tags?post=2443"}],"curies":[{"name":"wp","href":"https:\/\/api.w.org\/{rel}","templated":true}]}}