{"id":2709,"date":"2024-07-24T09:50:12","date_gmt":"2024-07-24T09:50:12","guid":{"rendered":"https:\/\/adriatictimes.com\/regent-porto-montenegro-sedmi-put-dobitnik-prestiznog-priznanja-world-travel-awards\/"},"modified":"2024-07-24T09:50:12","modified_gmt":"2024-07-24T09:50:12","slug":"regent-porto-montenegro-sedmi-put-dobitnik-prestiznog-priznanja-world-travel-awards","status":"publish","type":"post","link":"https:\/\/adriatictimes.com\/sr\/regent-porto-montenegro-sedmi-put-dobitnik-prestiznog-priznanja-world-travel-awards\/","title":{"rendered":"Regent Porto Montenegro sedmi put dobitnik presti\u017enog priznanja World Travel Awards"},"content":{"rendered":"<p> <br \/>\n<\/p>\n<div data-td-block-uid=\"tdi_81\">\n<div class=\"tdb-block-inner td-fix-index\">\n<figure id=\"attachment_278011\" aria-describedby=\"caption-attachment-278011\" style=\"width: 1000px\" class=\"wp-caption aligncenter\"><a href=\"https:\/\/bokanews.me\/wp-content\/uploads\/2024\/03\/Hotel-Regent-Porto-Montenegro_resize.jpg\"><img post-id=\"278010\" fifu-featured=\"1\" fetchpriority=\"high\" decoding=\"async\" class=\"size-full wp-image-278011\" src=\"https:\/\/bokanews.me\/wp-content\/uploads\/2024\/03\/Hotel-Regent-Porto-Montenegro_resize.jpg\" alt=\"\" width=\"1000\" height=\"695\" srcset=\"https:\/\/bokanews.me\/wp-content\/uploads\/2024\/03\/Hotel-Regent-Porto-Montenegro_resize.jpg 1000w, https:\/\/bokanews.me\/wp-content\/uploads\/2024\/03\/Hotel-Regent-Porto-Montenegro_resize-300x209.jpg 300w, https:\/\/bokanews.me\/wp-content\/uploads\/2024\/03\/Hotel-Regent-Porto-Montenegro_resize-768x534.jpg 768w, https:\/\/bokanews.me\/wp-content\/uploads\/2024\/03\/Hotel-Regent-Porto-Montenegro_resize-696x484.jpg 696w\" sizes=\"(max-width: 1000px) 100vw, 1000px\"\/><\/a><figcaption id=\"caption-attachment-278011\" class=\"wp-caption-text\">Hotel Regent Porto Montenegro<\/figcaption><\/figure>\n<p style=\"text-align: justify;\">Regent Porto Montenegro dobitnik je ovogodi\u0161nje nagrade <a href=\"https:\/\/www.worldtravelawards.com\/profile-34389-regent-porto-montenegro\">World Travel Awards 2024<\/a> kao vode\u0107i hotel u Crnoj Gori (\u201eMontenegro\u2019s Leading Hotel\u201c).<\/p>\n<p style=\"text-align: justify;\">\u201cIzuzetno se radujemo ponovnom priznanju od strane ove presti\u017ene organizacije. Na\u0161 tim neumorno radi na postizanju izvrsne usluge za sve goste i posjetioce, i veoma nam zna\u010di kada je to primje\u0107eno i sa ovako va\u017enih adresa,\u201d izjavio je ovim povodom Kai Dieckmann, Generalni menad\u017eer hotela Regent Porto Montenegro.<\/p>\n<p style=\"text-align: justify;\">The World Travel Awards je renomirana svjetska organizacija koja ima za cilj prepoznavanje&#8230;<\/p>\n<\/div>\n<\/div>\n<p><br \/>\n<br \/><a href=\"https:\/\/bokanews.me\/regent-porto-montenegro-sedmi-put-dobitnik-prestiznog-priznanja-world-travel-awards\/\">\u0418\u0437\u0432\u043e\u0440<\/a><\/p>\n","protected":false},"excerpt":{"rendered":"<p>Hotel Regent Porto Montenegro Regent Porto Montenegro dobitnik je ovogodi\u0161nje nagrade World Travel Awards 2024 kao vode\u0107i hotel u Crnoj Gori (\u201eMontenegro\u2019s Leading Hotel\u201c). \u201cIzuzetno se radujemo ponovnom priznanju od strane ove presti\u017ene organizacije. Na\u0161 tim neumorno radi na postizanju izvrsne usluge za sve goste i posjetioce, i veoma nam zna\u010di kada je to primje\u0107eno [&hellip;]<\/p>\n","protected":false},"author":1,"featured_media":0,"comment_status":"open","ping_status":"open","sticky":false,"template":"","format":"standard","meta":{"footnotes":""},"categories":[4,11,108,105],"tags":[],"class_list":{"0":"post-2709","1":"post","2":"type-post","3":"status-publish","4":"format-standard","6":"category-montenegro","7":"category-travel","8":"category-travel-sr","9":"category-montenegro-sr"},"_links":{"self":[{"href":"https:\/\/adriatictimes.com\/sr\/wp-json\/wp\/v2\/posts\/2709","targetHints":{"allow":["GET"]}}],"collection":[{"href":"https:\/\/adriatictimes.com\/sr\/wp-json\/wp\/v2\/posts"}],"about":[{"href":"https:\/\/adriatictimes.com\/sr\/wp-json\/wp\/v2\/types\/post"}],"author":[{"embeddable":true,"href":"https:\/\/adriatictimes.com\/sr\/wp-json\/wp\/v2\/users\/1"}],"replies":[{"embeddable":true,"href":"https:\/\/adriatictimes.com\/sr\/wp-json\/wp\/v2\/comments?post=2709"}],"version-history":[{"count":0,"href":"https:\/\/adriatictimes.com\/sr\/wp-json\/wp\/v2\/posts\/2709\/revisions"}],"wp:attachment":[{"href":"https:\/\/adriatictimes.com\/sr\/wp-json\/wp\/v2\/media?parent=2709"}],"wp:term":[{"taxonomy":"category","embeddable":true,"href":"https:\/\/adriatictimes.com\/sr\/wp-json\/wp\/v2\/categories?post=2709"},{"taxonomy":"post_tag","embeddable":true,"href":"https:\/\/adriatictimes.com\/sr\/wp-json\/wp\/v2\/tags?post=2709"}],"curies":[{"name":"wp","href":"https:\/\/api.w.org\/{rel}","templated":true}]}}