{"id":2713,"date":"2024-07-24T10:50:08","date_gmt":"2024-07-24T10:50:08","guid":{"rendered":"https:\/\/adriatictimes.com\/crna-gora-se-mora-osloniti-na-inovacije-koje-dolaze-kroz-saradnju\/"},"modified":"2024-07-24T10:50:08","modified_gmt":"2024-07-24T10:50:08","slug":"crna-gora-se-mora-osloniti-na-inovacije-koje-dolaze-kroz-saradnju","status":"publish","type":"post","link":"https:\/\/adriatictimes.com\/sr\/crna-gora-se-mora-osloniti-na-inovacije-koje-dolaze-kroz-saradnju\/","title":{"rendered":"Crna Gora se mora osloniti na inovacije koje dolaze kroz saradnju"},"content":{"rendered":"<p> <br \/>\n<\/p>\n<div>\n<p>Crna Gora se mora osloniti na inovacije koje dolaze kroz saradnju, prije svega izme\u0111u privrede, nauke i istra\u017eivanja, kako bi ostali konkurentni na globalnom tr\u017ei\u0161tu, saop\u0161tila je predsjednica Privredne komore (PKCG), Nina Draki\u0107.<\/p>\n<p>Draki\u0107 je na prezentaciji Big Science Business Foruma 2024, koji \u0107e se od 1. do 4. oktobra odr\u017eati u Trstu, kazala da je Crna Gora prepoznala zna\u010daj nauke i inovacija za svoj dru\u0161tveni napredak i globalnu konkurentnost, zbog \u010dega im se daje sistemska institucionalna podr\u0161ka.<\/p>\n<p>Prezentaciju foruma je organizovala PKCG u saradnji s&#8230;<\/p>\n<\/div>\n<p><br \/>\n<br \/><a href=\"https:\/\/www.vijesti.me\/amp\/715619\/drakic-crna-gora-se-mora-osloniti-na-inovacije-koje-dolaze-kroz-saradnju\">\u0418\u0437\u0432\u043e\u0440<\/a><\/p>\n","protected":false},"excerpt":{"rendered":"<p>Crna Gora se mora osloniti na inovacije koje dolaze kroz saradnju, prije svega izme\u0111u privrede, nauke i istra\u017eivanja, kako bi ostali konkurentni na globalnom tr\u017ei\u0161tu, saop\u0161tila je predsjednica Privredne komore (PKCG), Nina Draki\u0107. Draki\u0107 je na prezentaciji Big Science Business Foruma 2024, koji \u0107e se od 1. do 4. oktobra odr\u017eati u Trstu, kazala da [&hellip;]<\/p>\n","protected":false},"author":1,"featured_media":0,"comment_status":"open","ping_status":"open","sticky":false,"template":"","format":"standard","meta":{"footnotes":""},"categories":[4,10,107,105],"tags":[],"class_list":{"0":"post-2713","1":"post","2":"type-post","3":"status-publish","4":"format-standard","6":"category-montenegro","7":"category-technology","8":"category-technology-sr","9":"category-montenegro-sr"},"_links":{"self":[{"href":"https:\/\/adriatictimes.com\/sr\/wp-json\/wp\/v2\/posts\/2713","targetHints":{"allow":["GET"]}}],"collection":[{"href":"https:\/\/adriatictimes.com\/sr\/wp-json\/wp\/v2\/posts"}],"about":[{"href":"https:\/\/adriatictimes.com\/sr\/wp-json\/wp\/v2\/types\/post"}],"author":[{"embeddable":true,"href":"https:\/\/adriatictimes.com\/sr\/wp-json\/wp\/v2\/users\/1"}],"replies":[{"embeddable":true,"href":"https:\/\/adriatictimes.com\/sr\/wp-json\/wp\/v2\/comments?post=2713"}],"version-history":[{"count":0,"href":"https:\/\/adriatictimes.com\/sr\/wp-json\/wp\/v2\/posts\/2713\/revisions"}],"wp:attachment":[{"href":"https:\/\/adriatictimes.com\/sr\/wp-json\/wp\/v2\/media?parent=2713"}],"wp:term":[{"taxonomy":"category","embeddable":true,"href":"https:\/\/adriatictimes.com\/sr\/wp-json\/wp\/v2\/categories?post=2713"},{"taxonomy":"post_tag","embeddable":true,"href":"https:\/\/adriatictimes.com\/sr\/wp-json\/wp\/v2\/tags?post=2713"}],"curies":[{"name":"wp","href":"https:\/\/api.w.org\/{rel}","templated":true}]}}