{"id":2714,"date":"2024-07-24T11:00:20","date_gmt":"2024-07-24T11:00:20","guid":{"rendered":"https:\/\/adriatictimes.com\/jedro-bar-crna-gora\/"},"modified":"2024-07-24T11:00:20","modified_gmt":"2024-07-24T11:00:20","slug":"jedro-bar-crna-gora","status":"publish","type":"post","link":"https:\/\/adriatictimes.com\/sr\/jedro-bar-crna-gora\/","title":{"rendered":"Jedro | Bar, Crna Gora"},"content":{"rendered":"<p> <br \/>\n<\/p>\n<div itemprop=\"articleBody\">\n<p><img loading=\"lazy\" decoding=\"async\" src=\"https:\/\/www.jedro.bar\/images\/kategorije\/A_nove_pokrivke\/konoppi.jpg\" alt=\"konoppi\" width=\"850\" height=\"500\"\/><\/p>\n<p>\u010citam na portalu Vijesti&#8230;<\/p>\n<p>Novom Vladinom odlukom monopolski polo\u017eaj za posao priveza i tegljenja brodova ima\u0107e kompanija \u201cOcean Montenegro\u201d<\/p>\n<p><strong>Vlada odustaje od koncesije za drugu pilota\u017eu u Luci Bar, koja je u julu 2020. godine dodijeljena dvjema kompanijama &#8211; \u201cJadro pilot and tug services\u201d i konzorcijumu \u201cLa pluma Bar pilot i Tugboat service Montenegro\u201d.<\/strong><br \/>Razlog za to je presuda Upravnog suda iz februara 2023, kojom je poni\u0161tena odluka Vlade po kojoj su ove firme prvobitno dobile ovaj posao i koncesiju.<br \/>Informacija o tome usvojena je na sjednici u \u010detvrtak. Pilota\u017ea&#8230;<\/p>\n<\/div>\n<p><br \/>\n<br \/><a href=\"https:\/\/www.jedro.bar\/more\/21354-u-luci-bar-radice-samo-jedna-firma-za-pilotazu\">\u0418\u0437\u0432\u043e\u0440<\/a><\/p>\n","protected":false},"excerpt":{"rendered":"<p>\u010citam na portalu Vijesti&#8230; Novom Vladinom odlukom monopolski polo\u017eaj za posao priveza i tegljenja brodova ima\u0107e kompanija \u201cOcean Montenegro\u201d Vlada odustaje od koncesije za drugu pilota\u017eu u Luci Bar, koja je u julu 2020. godine dodijeljena dvjema kompanijama &#8211; \u201cJadro pilot and tug services\u201d i konzorcijumu \u201cLa pluma Bar pilot i Tugboat service Montenegro\u201d.Razlog za [&hellip;]<\/p>\n","protected":false},"author":1,"featured_media":0,"comment_status":"open","ping_status":"open","sticky":false,"template":"","format":"standard","meta":{"footnotes":""},"categories":[9,4,101,105],"tags":[],"class_list":{"0":"post-2714","1":"post","2":"type-post","3":"status-publish","4":"format-standard","6":"category-business","7":"category-montenegro","8":"category-business-sr","9":"category-montenegro-sr"},"_links":{"self":[{"href":"https:\/\/adriatictimes.com\/sr\/wp-json\/wp\/v2\/posts\/2714","targetHints":{"allow":["GET"]}}],"collection":[{"href":"https:\/\/adriatictimes.com\/sr\/wp-json\/wp\/v2\/posts"}],"about":[{"href":"https:\/\/adriatictimes.com\/sr\/wp-json\/wp\/v2\/types\/post"}],"author":[{"embeddable":true,"href":"https:\/\/adriatictimes.com\/sr\/wp-json\/wp\/v2\/users\/1"}],"replies":[{"embeddable":true,"href":"https:\/\/adriatictimes.com\/sr\/wp-json\/wp\/v2\/comments?post=2714"}],"version-history":[{"count":0,"href":"https:\/\/adriatictimes.com\/sr\/wp-json\/wp\/v2\/posts\/2714\/revisions"}],"wp:attachment":[{"href":"https:\/\/adriatictimes.com\/sr\/wp-json\/wp\/v2\/media?parent=2714"}],"wp:term":[{"taxonomy":"category","embeddable":true,"href":"https:\/\/adriatictimes.com\/sr\/wp-json\/wp\/v2\/categories?post=2714"},{"taxonomy":"post_tag","embeddable":true,"href":"https:\/\/adriatictimes.com\/sr\/wp-json\/wp\/v2\/tags?post=2714"}],"curies":[{"name":"wp","href":"https:\/\/api.w.org\/{rel}","templated":true}]}}