{"id":3062,"date":"2024-08-14T12:10:12","date_gmt":"2024-08-14T12:10:12","guid":{"rendered":"https:\/\/adriatictimes.com\/blecic-o-pozarima-narod-pali-a-mi-gasimo-vjetar-otezava-posao\/"},"modified":"2024-08-14T12:10:12","modified_gmt":"2024-08-14T12:10:12","slug":"blecic-o-pozarima-narod-pali-a-mi-gasimo-vjetar-otezava-posao","status":"publish","type":"post","link":"https:\/\/adriatictimes.com\/sr\/blecic-o-pozarima-narod-pali-a-mi-gasimo-vjetar-otezava-posao\/","title":{"rendered":"BLE\u010cI\u0106 O PO\u017dARIMA: Narod pali, a mi gasimo, vjetar ote\u017eava posao"},"content":{"rendered":"<p> <br \/>\n<\/p>\n<div id=\"post-361110\">\n<h5> DRU\u0160TVO PREPORUKA <\/h5>\n<p class=\"postmeta\"><span class=\"meta_date\">29.07.2024. u 21:49<\/span><\/p>\n<div id=\"attachment_170538\" style=\"width: 510px\" class=\"wp-caption aligncenter\"><img decoding=\"async\" aria-describedby=\"caption-attachment-170538\" data-attachment-id=\"170538\" data-permalink=\"https:\/\/mnemagazin.me\/2018\/07\/13\/budva-ugasen-pozar-na-jazu-vatra-prijetila-automobilima\/vatra-2\/\" data-orig-file=\"https:\/\/i1.wp.com\/mnemagazin.me\/wp-content\/uploads\/2018\/07\/vatra.jpg?fit=560%2C352&amp;ssl=1\" data-orig-size=\"560,352\" data-comments-opened=\"0\" data-image-meta=\"{&quot;aperture&quot;:&quot;0&quot;,&quot;credit&quot;:&quot;&quot;,&quot;camera&quot;:&quot;&quot;,&quot;caption&quot;:&quot;&quot;,&quot;created_timestamp&quot;:&quot;0&quot;,&quot;copyright&quot;:&quot;&quot;,&quot;focal_length&quot;:&quot;0&quot;,&quot;iso&quot;:&quot;0&quot;,&quot;shutter_speed&quot;:&quot;0&quot;,&quot;title&quot;:&quot;&quot;,&quot;orientation&quot;:&quot;0&quot;}\" data-image-title=\"vatra\" data-image-description=\"\" data-medium-file=\"https:\/\/i1.wp.com\/mnemagazin.me\/wp-content\/uploads\/2018\/07\/vatra.jpg?fit=500%2C314&amp;ssl=1\" data-large-file=\"https:\/\/i1.wp.com\/mnemagazin.me\/wp-content\/uploads\/2018\/07\/vatra.jpg?fit=560%2C352&amp;ssl=1\" loading=\"lazy\" class=\"size-medium wp-image-170538\" src=\"https:\/\/i1.wp.com\/mnemagazin.me\/wp-content\/uploads\/2018\/07\/vatra.jpg?resize=500%2C314&amp;ssl=1\" alt=\"\" width=\"500\" height=\"314\" srcset=\"https:\/\/i1.wp.com\/mnemagazin.me\/wp-content\/uploads\/2018\/07\/vatra.jpg?resize=500%2C314&amp;ssl=1 500w, https:\/\/i1.wp.com\/mnemagazin.me\/wp-content\/uploads\/2018\/07\/vatra.jpg?w=560&amp;ssl=1 560w\" sizes=\"auto, (max-width: 500px) 100vw, 500px\" data-recalc-dims=\"1\"\/><\/p>\n<p id=\"caption-attachment-170538\" class=\"wp-caption-text\">Ilustracija<\/p>\n<\/div>\n<p>Ekipe Slu\u017ebe za\u0161tite i spa\u0161avanja Glavnog grada gase po\u017eare u podgori\u010dkom naselju Zagori\u010d i Ljajkovi\u0107i u Zeti, kazao je ,,Vijestima\u201d vr\u0161ilac du\u017enosti komandira Slu\u017ebe Zdravko Ble\u010di\u0107.<\/p>\n<p>On je kazao da ekipe Slu\u017ebe aktivno rade na vi\u0161e lokacija u Podgorici.<\/p>\n<p>\u2013 Narod pali, a mi gasimo. Poku\u0161avamo da kontroli\u0161emo situacije. Ne mo\u017eemo pored svake ku\u0107e imati kamion. Vjetar ote\u017eava posao. Ekipe su na terenu \u2013 kazao je Ble\u010di\u0107.<\/p>\n<p>Od po\u017eara koji je pro\u0161le sedmice zahvatio podgori\u010dko brdo Gorica, vatrogasci Glavnog grada&#8230;<\/p>\n<\/div>\n<p><br \/>\n<br \/><a href=\"https:\/\/mnemagazin.me\/2024\/07\/29\/blecic-o-pozarima-narod-pali-a-mi-gasimo-vjetar-otezava-posao\/\">\u0418\u0437\u0432\u043e\u0440<\/a><\/p>\n","protected":false},"excerpt":{"rendered":"<p>DRU\u0160TVO PREPORUKA 29.07.2024. u 21:49 Ilustracija Ekipe Slu\u017ebe za\u0161tite i spa\u0161avanja Glavnog grada gase po\u017eare u podgori\u010dkom naselju Zagori\u010d i Ljajkovi\u0107i u Zeti, kazao je ,,Vijestima\u201d vr\u0161ilac du\u017enosti komandira Slu\u017ebe Zdravko Ble\u010di\u0107. On je kazao da ekipe Slu\u017ebe aktivno rade na vi\u0161e lokacija u Podgorici. \u2013 Narod pali, a mi gasimo. Poku\u0161avamo da kontroli\u0161emo situacije. [&hellip;]<\/p>\n","protected":false},"author":1,"featured_media":0,"comment_status":"open","ping_status":"open","sticky":false,"template":"","format":"standard","meta":{"footnotes":""},"categories":[9,4,101,105],"tags":[],"class_list":{"0":"post-3062","1":"post","2":"type-post","3":"status-publish","4":"format-standard","6":"category-business","7":"category-montenegro","8":"category-business-sr","9":"category-montenegro-sr"},"_links":{"self":[{"href":"https:\/\/adriatictimes.com\/sr\/wp-json\/wp\/v2\/posts\/3062","targetHints":{"allow":["GET"]}}],"collection":[{"href":"https:\/\/adriatictimes.com\/sr\/wp-json\/wp\/v2\/posts"}],"about":[{"href":"https:\/\/adriatictimes.com\/sr\/wp-json\/wp\/v2\/types\/post"}],"author":[{"embeddable":true,"href":"https:\/\/adriatictimes.com\/sr\/wp-json\/wp\/v2\/users\/1"}],"replies":[{"embeddable":true,"href":"https:\/\/adriatictimes.com\/sr\/wp-json\/wp\/v2\/comments?post=3062"}],"version-history":[{"count":0,"href":"https:\/\/adriatictimes.com\/sr\/wp-json\/wp\/v2\/posts\/3062\/revisions"}],"wp:attachment":[{"href":"https:\/\/adriatictimes.com\/sr\/wp-json\/wp\/v2\/media?parent=3062"}],"wp:term":[{"taxonomy":"category","embeddable":true,"href":"https:\/\/adriatictimes.com\/sr\/wp-json\/wp\/v2\/categories?post=3062"},{"taxonomy":"post_tag","embeddable":true,"href":"https:\/\/adriatictimes.com\/sr\/wp-json\/wp\/v2\/tags?post=3062"}],"curies":[{"name":"wp","href":"https:\/\/api.w.org\/{rel}","templated":true}]}}