{"id":3069,"date":"2024-08-14T13:30:15","date_gmt":"2024-08-14T13:30:15","guid":{"rendered":"https:\/\/adriatictimes.com\/olimpijske-igre-ostaju-bez-sporta-u-kome-hrvatska-ima-medalju-to-bi-bilo-pogubno\/"},"modified":"2024-08-14T13:30:15","modified_gmt":"2024-08-14T13:30:15","slug":"olimpijske-igre-ostaju-bez-sporta-u-kome-hrvatska-ima-medalju-to-bi-bilo-pogubno","status":"publish","type":"post","link":"https:\/\/adriatictimes.com\/sr\/olimpijske-igre-ostaju-bez-sporta-u-kome-hrvatska-ima-medalju-to-bi-bilo-pogubno\/","title":{"rendered":"Olimpijske igre ostaju bez sporta u kome Hrvatska ima medalju? To bi bilo pogubno!"},"content":{"rendered":"<p> <br \/>\n<\/p>\n<div id=\"\">\n<h2 class=\"news-description pb-3 pt-1 pt-mb-3\">\n                                Olimpijske igre u Parizu su zavr\u0161ene, a hrvatska javnost pomalo strepi pred olimpijadu \u010diji je doma\u0107in Los An\u0111eles 2028. godine.                            <\/h2>\n<figure class=\"single-news-lead-img img-placeholder size-16-9\">\n<p>                                    <img decoding=\"async\" m_ext=\"f\" m_id=\"517556\" alt=\"\u0425\u0420\u0412\u0410\u0422\u0418 \u0421\u0415 \u041d\u0415\u0420\u0412\u0418\u0420\u0410\u0408\u0423: \u041e\u043b\u0438\u043c\u043f\u0438\u0458\u0441\u043a\u0435 \u0438\u0433\u0440\u0435 \u043e\u0441\u0442\u0430\u0458\u0443 \u0431\u0435\u0437 \u0441\u043f\u043e\u0440\u0442\u0430 \u0443 \u043a\u043e\u043c\u0435 \u0425\u0440\u0432\u0430\u0442\u0441\u043a\u0430 \u0438\u043c\u0430 \u043c\u0435\u0434\u0430\u0459\u0443? \u0422\u043e \u0431\u0438 \u0431\u0438\u043b\u043e \u043f\u043e\u0433\u0443\u0431\u043d\u043e!\" title=\"\u0425\u0420\u0412\u0410\u0422\u0418 \u0421\u0415 \u041d\u0415\u0420\u0412\u0418\u0420\u0410\u0408\u0423: \u041e\u043b\u0438\u043c\u043f\u0438\u0458\u0441\u043a\u0435 \u0438\u0433\u0440\u0435 \u043e\u0441\u0442\u0430\u0458\u0443 \u0431\u0435\u0437 \u0441\u043f\u043e\u0440\u0442\u0430 \u0443 \u043a\u043e\u043c\u0435 \u0425\u0440\u0432\u0430\u0442\u0441\u043a\u0430 \u0438\u043c\u0430 \u043c\u0435\u0434\u0430\u0459\u0443? \u0422\u043e \u0431\u0438 \u0431\u0438\u043b\u043e \u043f\u043e\u0433\u0443\u0431\u043d\u043e!\" srcset=\"https:\/\/www.novosti.rs\/data\/images\/2024-08-13\/517556_tan2024-07-3119042266-2_f.jpg?ts=1723576667 906w, https:\/\/www.novosti.rs\/data\/images\/2024-08-13\/517556_tan2024-07-3119042266-2_fmob.jpg?ts=1723576667 600w, https:\/\/www.novosti.rs\/data\/images\/2024-08-13\/517556_tan2024-07-3119042266-2_kf.jpg?ts=1723576667 488w, https:\/\/www.novosti.rs\/data\/images\/2024-08-13\/517556_tan2024-07-3119042266-2_kfmob.jpg?ts=1723576667 380w\" src=\"https:\/\/www.novosti.rs\/data\/images\/2024-08-13\/517556_tan2024-07-3119042266-2_fmob.jpg\"\/>                                <\/p>\n<p class=\"image-source\">FOTO: Tanjug\/AP<\/p>\n<\/figure>\n<p>                &#8230;<\/p><\/div>\n<p><br \/>\n<br \/><a href=\"https:\/\/www.novosti.rs\/sport\/olimpijske-igre-2024\/1398931\/srbija-hrvatska-najnovije-vesti-hrvati-strepe-boks-mozda-ukinut-naredne-sledece-olimpijske-igre-los-andjeles-2028\">\u0418\u0437\u0432\u043e\u0440<\/a><\/p>\n","protected":false},"excerpt":{"rendered":"<p>Olimpijske igre u Parizu su zavr\u0161ene, a hrvatska javnost pomalo strepi pred olimpijadu \u010diji je doma\u0107in Los An\u0111eles 2028. godine. FOTO: Tanjug\/AP &#8230; \u0418\u0437\u0432\u043e\u0440<\/p>\n","protected":false},"author":1,"featured_media":0,"comment_status":"open","ping_status":"open","sticky":false,"template":"","format":"standard","meta":{"footnotes":""},"categories":[9,12,101,102],"tags":[],"class_list":{"0":"post-3069","1":"post","2":"type-post","3":"status-publish","4":"format-standard","6":"category-business","7":"category-croatia","8":"category-business-sr","9":"category-croatia-sr"},"_links":{"self":[{"href":"https:\/\/adriatictimes.com\/sr\/wp-json\/wp\/v2\/posts\/3069","targetHints":{"allow":["GET"]}}],"collection":[{"href":"https:\/\/adriatictimes.com\/sr\/wp-json\/wp\/v2\/posts"}],"about":[{"href":"https:\/\/adriatictimes.com\/sr\/wp-json\/wp\/v2\/types\/post"}],"author":[{"embeddable":true,"href":"https:\/\/adriatictimes.com\/sr\/wp-json\/wp\/v2\/users\/1"}],"replies":[{"embeddable":true,"href":"https:\/\/adriatictimes.com\/sr\/wp-json\/wp\/v2\/comments?post=3069"}],"version-history":[{"count":0,"href":"https:\/\/adriatictimes.com\/sr\/wp-json\/wp\/v2\/posts\/3069\/revisions"}],"wp:attachment":[{"href":"https:\/\/adriatictimes.com\/sr\/wp-json\/wp\/v2\/media?parent=3069"}],"wp:term":[{"taxonomy":"category","embeddable":true,"href":"https:\/\/adriatictimes.com\/sr\/wp-json\/wp\/v2\/categories?post=3069"},{"taxonomy":"post_tag","embeddable":true,"href":"https:\/\/adriatictimes.com\/sr\/wp-json\/wp\/v2\/tags?post=3069"}],"curies":[{"name":"wp","href":"https:\/\/api.w.org\/{rel}","templated":true}]}}