{"id":3077,"date":"2024-08-14T14:50:50","date_gmt":"2024-08-14T14:50:50","guid":{"rendered":"https:\/\/adriatictimes.com\/odluka-u-hagu-o-zlocinima-u-kukesu-dokaz-da-je-sused-bio-produzena-ruka-ovk\/"},"modified":"2024-08-14T14:50:50","modified_gmt":"2024-08-14T14:50:50","slug":"odluka-u-hagu-o-zlocinima-u-kukesu-dokaz-da-je-sused-bio-produzena-ruka-ovk","status":"publish","type":"post","link":"https:\/\/adriatictimes.com\/sr\/odluka-u-hagu-o-zlocinima-u-kukesu-dokaz-da-je-sused-bio-produzena-ruka-ovk\/","title":{"rendered":"Odluka u Hagu o zlo\u010dinima u Kuke\u0161u dokaz da je sused bio produ\u017eena ruka OVK"},"content":{"rendered":"<p> <br \/>\n<\/p>\n<div id=\"\">\n<h2 class=\"news-description pb-3 pt-1 pt-mb-3\">\n                                NA teritoriji Albanije postojao je logor Kuke\u0161, u nekada\u0161njoj fabrici metala, koji je tzv. Oslobodila\u010dka vojska Kosova koristila za mu\u010denje zarobljenika. To zna\u010di da, sada i zvani\u010dno, znamo da je susedna dr\u017eava prakti\u010dno bila u\u010desnik u ratu na KiM, da je podr\u017eavala teroristi\u010dku formaciju, na \u0161ta je Beograd ukazivao nebrojeno puta.                            <\/h2>\n<figure class=\"single-news-lead-img img-placeholder size-16-9\">\n<p>                                    <img decoding=\"async\" m_ext=\"f\" m_id=\"336512\" alt=\"\u041f\u0420\u0415\u0421\u0423\u0414\u0410 \u0428\u0410\u0409\u0418 \u041f\u041e\u0422\u0412\u0420\u0414\u0418\u041b\u0410 \u0414\u0410 \u0408\u0415 \u0418 \u0410\u041b\u0411\u0410\u041d\u0418\u0408\u0410 \u0421\u0422\u0420\u0410\u041d\u0410 \u0423 \u0420\u0410\u0422\u0423: \u041e\u0434\u043b\u0443\u043a\u0430 \u0443 \u0425\u0430\u0433\u0443 \u043e \u0437\u043b\u043e\u0447\u0438\u043d\u0438\u043c\u0430 \u0443 \u041a\u0443\u043a\u0435\u0448\u0443 \u0434\u043e\u043a\u0430\u0437 \u0434\u0430 \u0458\u0435 \u0441\u0443\u0441\u0435\u0434 \u0431\u0438\u043e \u043f\u0440\u043e\u0434\u0443\u0436\u0435\u043d\u0430 \u0440\u0443\u043a\u0430 \u041e\u0412\u041a\" title=\"\u041f\u0420\u0415\u0421\u0423\u0414\u0410 \u0428\u0410\u0409\u0418 \u041f\u041e\u0422\u0412\u0420\u0414\u0418\u041b\u0410 \u0414\u0410 \u0408\u0415 \u0418 \u0410\u041b\u0411\u0410\u041d\u0418\u0408\u0410 \u0421\u0422\u0420\u0410\u041d\u0410 \u0423 \u0420\u0410\u0422\u0423: \u041e\u0434\u043b\u0443\u043a\u0430 \u0443 \u0425\u0430\u0433\u0443 \u043e \u0437\u043b\u043e\u0447\u0438\u043d\u0438\u043c\u0430 \u0443 \u041a\u0443\u043a\u0435\u0448\u0443 \u0434\u043e\u043a\u0430\u0437 \u0434\u0430 \u0458\u0435 \u0441\u0443\u0441\u0435\u0434 \u0431\u0438\u043e \u043f\u0440\u043e\u0434\u0443\u0436\u0435\u043d\u0430 \u0440\u0443\u043a\u0430 \u041e\u0412\u041a\" srcset=\"https:\/\/www.novosti.rs\/data\/images\/2023-04-03\/336512_hag7_f.jpg?ts=1721278807 906w, https:\/\/www.novosti.rs\/data\/images\/2023-04-03\/336512_hag7_fmob.jpg?ts=1721278807 600w, https:\/\/www.novosti.rs\/data\/images\/2023-04-03\/336512_hag7_kf.jpg?ts=1721278807 488w, https:\/\/www.novosti.rs\/data\/images\/2023-04-03\/336512_hag7_kfmob.jpg?ts=1721278807 380w\" src=\"https:\/\/www.novosti.rs\/data\/images\/2023-04-03\/336512_hag7_fmob.jpg\"\/>               &#8230;<\/figure>\n<\/div>\n<p><br \/>\n<br \/><a href=\"https:\/\/www.novosti.rs\/vesti\/politika\/1389527\/presuda-salji-potvrdila-albanija-strana-ratu-odluka-hagu-zlocinima-kukesu-dokaz-sused-bio-produzena-ruka-ovk\">\u0418\u0437\u0432\u043e\u0440<\/a><\/p>\n","protected":false},"excerpt":{"rendered":"<p>NA teritoriji Albanije postojao je logor Kuke\u0161, u nekada\u0161njoj fabrici metala, koji je tzv. Oslobodila\u010dka vojska Kosova koristila za mu\u010denje zarobljenika. To zna\u010di da, sada i zvani\u010dno, znamo da je susedna dr\u017eava prakti\u010dno bila u\u010desnik u ratu na KiM, da je podr\u017eavala teroristi\u010dku formaciju, na \u0161ta je Beograd ukazivao nebrojeno puta. &#8230; \u0418\u0437\u0432\u043e\u0440<\/p>\n","protected":false},"author":1,"featured_media":0,"comment_status":"open","ping_status":"open","sticky":false,"template":"","format":"standard","meta":{"footnotes":""},"categories":[6,9,99,101],"tags":[],"class_list":{"0":"post-3077","1":"post","2":"type-post","3":"status-publish","4":"format-standard","6":"category-albania","7":"category-business","8":"category-albania-sr","9":"category-business-sr"},"_links":{"self":[{"href":"https:\/\/adriatictimes.com\/sr\/wp-json\/wp\/v2\/posts\/3077","targetHints":{"allow":["GET"]}}],"collection":[{"href":"https:\/\/adriatictimes.com\/sr\/wp-json\/wp\/v2\/posts"}],"about":[{"href":"https:\/\/adriatictimes.com\/sr\/wp-json\/wp\/v2\/types\/post"}],"author":[{"embeddable":true,"href":"https:\/\/adriatictimes.com\/sr\/wp-json\/wp\/v2\/users\/1"}],"replies":[{"embeddable":true,"href":"https:\/\/adriatictimes.com\/sr\/wp-json\/wp\/v2\/comments?post=3077"}],"version-history":[{"count":0,"href":"https:\/\/adriatictimes.com\/sr\/wp-json\/wp\/v2\/posts\/3077\/revisions"}],"wp:attachment":[{"href":"https:\/\/adriatictimes.com\/sr\/wp-json\/wp\/v2\/media?parent=3077"}],"wp:term":[{"taxonomy":"category","embeddable":true,"href":"https:\/\/adriatictimes.com\/sr\/wp-json\/wp\/v2\/categories?post=3077"},{"taxonomy":"post_tag","embeddable":true,"href":"https:\/\/adriatictimes.com\/sr\/wp-json\/wp\/v2\/tags?post=3077"}],"curies":[{"name":"wp","href":"https:\/\/api.w.org\/{rel}","templated":true}]}}