{"id":3252,"date":"2024-08-21T12:40:27","date_gmt":"2024-08-21T12:40:27","guid":{"rendered":"https:\/\/adriatictimes.com\/kad-hobi-preraste-u-posao-niksicanka-od-svojih-kreacija-za-sina-razvila-biznis-sada-na-islandu-promovise-crnu-goru\/"},"modified":"2024-08-21T12:40:27","modified_gmt":"2024-08-21T12:40:27","slug":"kad-hobi-preraste-u-posao-niksicanka-od-svojih-kreacija-za-sina-razvila-biznis-sada-na-islandu-promovise-crnu-goru","status":"publish","type":"post","link":"https:\/\/adriatictimes.com\/sr\/kad-hobi-preraste-u-posao-niksicanka-od-svojih-kreacija-za-sina-razvila-biznis-sada-na-islandu-promovise-crnu-goru\/","title":{"rendered":"Kad hobi preraste u posao: Nik\u0161i\u0107anka od svojih kreacija za sina razvila biznis, sada na Islandu promovi\u0161e Crnu Goru"},"content":{"rendered":"<p> <br \/>\n<\/p>\n<p>Da hobi mo\u017ee da preraste u pravi biznis i ozbiljan posao od kojeg se \u017eivi svjedo\u010di Nik\u0161i\u0107anka Ivona Bulatovi\u0107, koja je uspjela da napravi svoj modni brend. Trenutno \u017eivi i radi na Islandu i trudi se da promovi\u0161e Crnu Goru na najbolji mogu\u0107i na\u010din.<\/p>\n<p>Da hobi mo\u017ee da preraste u pravi biznis i ozbiljan posao od kojeg se \u017eivi svjedo\u010di Nik\u0161i\u0107anka Ivona Bulatovi\u0107, koja je uspjela da napravi svoj modni brend. Trenutno \u017eivi i radi na Islandu i trudi se da promovi\u0161e Crnu Goru na najbolji mogu\u0107i na\u010din.<\/p>\n<div>\n<p>Kako pri\u010da za portal ADRIA, sve je krenulo spontano.<\/p>\n<p>\u201cSin je imao nekih pola&#8230;<\/p>\n<\/div>\n<p><br \/>\n<br \/><a href=\"https:\/\/adria.tv\/vijesti\/drustvo\/kad-hobi-preraste-u-posao-niksicanka-od-kreacija-za-sina-razvila-mali-biznis-sada-na-islandu-promovise-crnu-goru\/\">\u0418\u0437\u0432\u043e\u0440<\/a><\/p>\n","protected":false},"excerpt":{"rendered":"<p>Da hobi mo\u017ee da preraste u pravi biznis i ozbiljan posao od kojeg se \u017eivi svjedo\u010di Nik\u0161i\u0107anka Ivona Bulatovi\u0107, koja je uspjela da napravi svoj modni brend. Trenutno \u017eivi i radi na Islandu i trudi se da promovi\u0161e Crnu Goru na najbolji mogu\u0107i na\u010din. Da hobi mo\u017ee da preraste u pravi biznis i ozbiljan posao [&hellip;]<\/p>\n","protected":false},"author":1,"featured_media":0,"comment_status":"open","ping_status":"open","sticky":false,"template":"","format":"standard","meta":{"footnotes":""},"categories":[9,4,101,105],"tags":[],"class_list":{"0":"post-3252","1":"post","2":"type-post","3":"status-publish","4":"format-standard","6":"category-business","7":"category-montenegro","8":"category-business-sr","9":"category-montenegro-sr"},"_links":{"self":[{"href":"https:\/\/adriatictimes.com\/sr\/wp-json\/wp\/v2\/posts\/3252","targetHints":{"allow":["GET"]}}],"collection":[{"href":"https:\/\/adriatictimes.com\/sr\/wp-json\/wp\/v2\/posts"}],"about":[{"href":"https:\/\/adriatictimes.com\/sr\/wp-json\/wp\/v2\/types\/post"}],"author":[{"embeddable":true,"href":"https:\/\/adriatictimes.com\/sr\/wp-json\/wp\/v2\/users\/1"}],"replies":[{"embeddable":true,"href":"https:\/\/adriatictimes.com\/sr\/wp-json\/wp\/v2\/comments?post=3252"}],"version-history":[{"count":0,"href":"https:\/\/adriatictimes.com\/sr\/wp-json\/wp\/v2\/posts\/3252\/revisions"}],"wp:attachment":[{"href":"https:\/\/adriatictimes.com\/sr\/wp-json\/wp\/v2\/media?parent=3252"}],"wp:term":[{"taxonomy":"category","embeddable":true,"href":"https:\/\/adriatictimes.com\/sr\/wp-json\/wp\/v2\/categories?post=3252"},{"taxonomy":"post_tag","embeddable":true,"href":"https:\/\/adriatictimes.com\/sr\/wp-json\/wp\/v2\/tags?post=3252"}],"curies":[{"name":"wp","href":"https:\/\/api.w.org\/{rel}","templated":true}]}}